{"id":1151,"date":"2013-03-04T21:40:12","date_gmt":"2013-03-04T21:40:12","guid":{"rendered":"http:\/\/vcca.fr\/wp\/?p=1151"},"modified":"2018-12-17T22:59:32","modified_gmt":"2018-12-17T21:59:32","slug":"les-cadets-lancent-leur-saison-2013","status":"publish","type":"post","link":"https:\/\/vcca.fr\/wp\/2013\/03\/04\/les-cadets-lancent-leur-saison-2013\/","title":{"rendered":"LES CADETS LANCENT LEUR SAISON 2013"},"content":{"rendered":"<div dir=\"ltr\">Pour l&rsquo;ouverture de la saison \u00e0\u00a0Cusset\u00a0la jeune et ambitieuse \u00a0\u00e9quipe cadets du\u00a0V\u00e9lo Club De Cournon D&rsquo;Auvergne Formation compos\u00e9e de Florian Da Silva, Alexis Debotte,\u00a0Baptiste Bonnet,\u00a0Gr\u00e9gory Lafont,\u00a0K\u00e9vin Servi\u00e9re,Vincent Duriez\u00a0et Louis\u00a0Pelous ,\u00a0est\u00a0tr\u00e8s\u00a0motiv\u00e9e d&rsquo;en d\u00e9coudre pour cette nouvelle saison 2013.<\/div>\n<p id=\"SkyDrivePlaceholder\" dir=\"ltr\" style=\"text-align: center;\"><a href=\"https:\/\/vcca.fr\/wp\/wp-content\/uploads\/2013\/03\/102_9973.jpg\"><img loading=\"lazy\" decoding=\"async\" class=\"size-medium wp-image-1152 aligncenter\" src=\"https:\/\/vcca.fr\/wp\/wp-content\/uploads\/2013\/03\/102_9973-300x199.jpg\" alt=\"102_9973\" width=\"300\" height=\"199\" srcset=\"https:\/\/vcca.fr\/wp\/wp-content\/uploads\/2013\/03\/102_9973-300x199.jpg 300w, https:\/\/vcca.fr\/wp\/wp-content\/uploads\/2013\/03\/102_9973-1024x682.jpg 1024w, https:\/\/vcca.fr\/wp\/wp-content\/uploads\/2013\/03\/102_9973.jpg 2048w\" sizes=\"auto, (max-width: 300px) 100vw, 300px\" \/><\/a><\/p>\n<div dir=\"ltr\">En effet , devant leur directeur sportif Marco Da Silva, ils auront \u00e0 coeur de briller et montrer que le travail fourni cet hiver et les\u00a0kilom\u00e8tres\u00a0parcourus ont \u00e9t\u00e9 b\u00e9n\u00e9fiques. De grands rendez-vous attendent cette \u00e9quipe \u00a0 cette saison notamment le tour du Cantal ( un des principal objectif)o\u00f9 un bon classement pour l&rsquo;\u00e9quipe est envisageable . N&rsquo;oublions pas non plus les diff\u00e9rentes courses r\u00e9gionales ainsi que les s\u00e9lections en \u00e9quipe d&rsquo;Auvergne. Un beau programme , de quoi prendre beaucoup de plaisir sur le v\u00e9lo.<\/div>\n<div dir=\"ltr\">Souhaitons beaucoup de r\u00e9ussite \u00e0 ces jeunes, et n&rsquo;h\u00e9sitez pas a venir consulter leurs r\u00e9sultats sur leur blog \u00ab\u00a0http:\/\/vcca-cadets.over-blog.com\/\u00a0\u00bb , et leur programme de course pour venir les encourager.<\/div>\n<div dir=\"ltr\"><\/div>\n<div dir=\"ltr\">Marco Da Silva<\/div>\n","protected":false},"excerpt":{"rendered":"<p>Pour l&rsquo;ouverture de la saison \u00e0\u00a0Cusset\u00a0la jeune et ambitieuse \u00a0\u00e9quipe cadets du\u00a0V\u00e9lo Club De Cournon D&rsquo;Auvergne Formation compos\u00e9e de Florian Da Silva, Alexis Debotte,\u00a0Baptiste Bonnet,\u00a0Gr\u00e9gory Lafont,\u00a0K\u00e9vin Servi\u00e9re,Vincent Duriez\u00a0et Louis\u00a0Pelous ,\u00a0est\u00a0tr\u00e8s\u00a0motiv\u00e9e d&rsquo;en d\u00e9coudre pour cette nouvelle saison 2013. En effet , devant leur directeur sportif Marco Da Silva, ils auront \u00e0 coeur de briller et montrer &hellip; <a href=\"https:\/\/vcca.fr\/wp\/2013\/03\/04\/les-cadets-lancent-leur-saison-2013\/\" class=\"more-link\">Continuer la lecture de <span class=\"screen-reader-text\">LES CADETS LANCENT LEUR SAISON 2013<\/span>  <span class=\"meta-nav\">&rarr;<\/span><\/a><\/p>\n","protected":false},"author":1,"featured_media":0,"comment_status":"closed","ping_status":"closed","sticky":false,"template":"","format":"standard","meta":{"footnotes":""},"categories":[9],"tags":[],"class_list":["post-1151","post","type-post","status-publish","format-standard","hentry","category-cadets"],"_links":{"self":[{"href":"https:\/\/vcca.fr\/wp\/wp-json\/wp\/v2\/posts\/1151","targetHints":{"allow":["GET"]}}],"collection":[{"href":"https:\/\/vcca.fr\/wp\/wp-json\/wp\/v2\/posts"}],"about":[{"href":"https:\/\/vcca.fr\/wp\/wp-json\/wp\/v2\/types\/post"}],"author":[{"embeddable":true,"href":"https:\/\/vcca.fr\/wp\/wp-json\/wp\/v2\/users\/1"}],"replies":[{"embeddable":true,"href":"https:\/\/vcca.fr\/wp\/wp-json\/wp\/v2\/comments?post=1151"}],"version-history":[{"count":5,"href":"https:\/\/vcca.fr\/wp\/wp-json\/wp\/v2\/posts\/1151\/revisions"}],"predecessor-version":[{"id":4978,"href":"https:\/\/vcca.fr\/wp\/wp-json\/wp\/v2\/posts\/1151\/revisions\/4978"}],"wp:attachment":[{"href":"https:\/\/vcca.fr\/wp\/wp-json\/wp\/v2\/media?parent=1151"}],"wp:term":[{"taxonomy":"category","embeddable":true,"href":"https:\/\/vcca.fr\/wp\/wp-json\/wp\/v2\/categories?post=1151"},{"taxonomy":"post_tag","embeddable":true,"href":"https:\/\/vcca.fr\/wp\/wp-json\/wp\/v2\/tags?post=1151"}],"curies":[{"name":"wp","href":"https:\/\/api.w.org\/{rel}","templated":true}]}}