{"id":123,"date":"2011-11-26T20:32:28","date_gmt":"2011-11-26T20:32:28","guid":{"rendered":"http:\/\/vcca.fr\/wp\/?p=123"},"modified":"2018-12-15T23:44:06","modified_gmt":"2018-12-15T22:44:06","slug":"assemblee-generale-2011","status":"publish","type":"post","link":"https:\/\/vcca.fr\/wp\/2011\/11\/26\/assemblee-generale-2011\/","title":{"rendered":"Assembl\u00e9e G\u00e9n\u00e9rale 2011"},"content":{"rendered":"<p><strong>VCCA&nbsp;: l\u2019Assembl\u00e9e G\u00e9n\u00e9rale en point d\u2019orgue d\u2019une saison historique.<\/strong><br \/>\n<img decoding=\"async\" width=\"500\" title=\"Allocution de Pierre DELCOURT (Nicolas ROUX au 1er plan)\" alt=\"ag\" src=\"http:\/\/vcca.fr\/images\/stories\/photos\/vie_associative\/2011\/ag\/1PICT0015.JPG\" border=\"0\"\/><\/p>\n<p>Samedi 26 novembre la salle du stade J et M GARDET \u00e9tait comble pour l\u2019Assembl\u00e9e G\u00e9n\u00e9rale du V\u00e9lo Club Cournon d\u2019Auvergne.<\/p>\n<p style=\"text-align: justify;\">Plus de 80 personnes en effet ont pu entendre le bilan d\u2019activit\u00e9 2011 dress\u00e9 par le secr\u00e9taire Jacques LADEVIE et le rapport financier du tr\u00e9sorier Daniel MOREAU. Michel AMARTIN et Jacques CONVERT ont pr\u00e9sent\u00e9 le bilan sportif qui traduit parfaitement l\u2019esprit d\u2019\u00e9quipe qui a r\u00e9gn\u00e9 cette saison.<\/p>\n<p style=\"text-align: justify;\">A l\u2019heure des votes, aucune surprise tant les participants ont pu savourer les excellents r\u00e9sultats de cette ann\u00e9e qui se termine et qui rejoindra dans les m\u00e9moires une autre ann\u00e9e historique dans la vie du club&nbsp;: 2002. Jean Fran\u00e7ois CLAUSTRE, animateur du groupe des jeunes, a orchestr\u00e9 la remise des r\u00e9compenses qui furent nombreuses cette ann\u00e9e.<\/p>\n<p>Est-il utile de rappeler les principaux \u00e9v\u00e9nements qui ont marqu\u00e9 2011&nbsp;?<\/p>\n<p style=\"text-align: justify;\">Ne g\u00e2chons pas notre plaisir ni celui du Pr\u00e9sident Pierre DELCOURT qui peut se targuer d\u2019avoir men\u00e9 le VCCA en haut de l\u2019affiche et ainsi contribuer \u00e0 faire de Cournon la capitale du v\u00e9lo en Auvergne (avec les clubs de cyclo et de BMX)&nbsp;: le cap des 100 licenci\u00e9s largement d\u00e9pass\u00e9, 800 engagements des coureurs du VCCA dans les \u00e9preuves r\u00e9gionales voire hors r\u00e9gion, 63 victoires toutes cat\u00e9gories et disciplines confondues, cr\u00e9ation d\u2019une \u00e9quipe \u00e9lite de Division Nationale sous les couleurs du&nbsp;<strong>TEAM PRO IMMO NICOLAS ROUX<\/strong>\u2026.pour ne citer que les principaux faits marquants&nbsp;!<\/p>\n<p><em>G\u00e9rard MATON<\/em><\/p>\n<p><em><img decoding=\"async\" width=\"360\" title=\"Ecole de cyclisme r\u00e9compens\u00e9e\" alt=\"ag\" src=\"http:\/\/vcca.fr\/images\/stories\/photos\/vie_associative\/2011\/ag\/1PICT0022.JPG\" border=\"0\"\/><\/em><\/p>\n<p><em><img decoding=\"async\" width=\"360\" title=\"Baptiste B et Manu R\" alt=\"ag\" src=\"http:\/\/vcca.fr\/images\/stories\/photos\/vie_associative\/2011\/ag\/1PICT0024.JPG\" border=\"0\"\/><\/em><\/p>\n<p><em><img decoding=\"async\" width=\"360\" title=\"Claude M et les cadets\" alt=\"ag\" src=\"http:\/\/vcca.fr\/images\/stories\/photos\/vie_associative\/2011\/ag\/1PICT0031.JPG\" border=\"0\"\/><\/em><\/p>\n<p><em><img decoding=\"async\" width=\"360\" title=\"Le groupe juniors\" alt=\"ag \" src=\"http:\/\/vcca.fr\/images\/stories\/photos\/vie_associative\/2011\/ag\/1PICT0040.JPG\" border=\"0\"\/><\/em><\/p>\n<p><em><img decoding=\"async\" width=\"360\" title=\"S\u00e9niors r\u00e9compens\u00e9s\" alt=\"ag\" src=\"http:\/\/vcca.fr\/images\/stories\/photos\/vie_associative\/2011\/ag\/1PICT0045.JPG\" border=\"0\"\/><\/em><\/p>\n<p><em><img decoding=\"async\" width=\"360\" title=\"Le podium s\u00e9niors3\" alt=\"ag\" src=\"http:\/\/vcca.fr\/images\/stories\/photos\/vie_associative\/2011\/ag\/1PICT0056.JPG\" border=\"0\"\/><\/em><\/p>\n<p><em><img decoding=\"async\" width=\"360\" title=\"Le quint\u00e9 plus !\" alt=\"ag\" src=\"http:\/\/vcca.fr\/images\/stories\/photos\/vie_associative\/2011\/ag\/1PICT0076.JPG\" border=\"0\"\/><\/em><\/p>\n<p><em><img decoding=\"async\" width=\"360\" title=\"Patrick Bulidon aux c\u00f4t\u00e9s de Nico\" alt=\"ag\" src=\"http:\/\/vcca.fr\/images\/stories\/photos\/vie_associative\/2011\/ag\/1PICT0073.JPG\" border=\"0\"\/><\/em><\/p>\n<p><em><img decoding=\"async\" width=\"360\" title=\"Marcel CURTIL, adjoint aux sports\" alt=\"ag\" src=\"http:\/\/vcca.fr\/images\/stories\/photos\/vie_associative\/2011\/ag\/1PICT0078.JPG\" border=\"0\"\/><\/em><\/p>\n<p>&nbsp;<\/p>\n","protected":false},"excerpt":{"rendered":"<p>VCCA&nbsp;: l\u2019Assembl\u00e9e G\u00e9n\u00e9rale en point d\u2019orgue d\u2019une saison historique. Samedi 26 novembre la salle du stade J et M GARDET \u00e9tait comble pour l\u2019Assembl\u00e9e G\u00e9n\u00e9rale du V\u00e9lo Club Cournon d\u2019Auvergne. Plus de 80 personnes en effet ont pu entendre le bilan d\u2019activit\u00e9 2011 dress\u00e9 par le secr\u00e9taire Jacques LADEVIE et le rapport financier du tr\u00e9sorier &hellip; <a href=\"https:\/\/vcca.fr\/wp\/2011\/11\/26\/assemblee-generale-2011\/\" class=\"more-link\">Continuer la lecture de <span class=\"screen-reader-text\">Assembl\u00e9e G\u00e9n\u00e9rale 2011<\/span>  <span class=\"meta-nav\">&rarr;<\/span><\/a><\/p>\n","protected":false},"author":1,"featured_media":0,"comment_status":"closed","ping_status":"closed","sticky":false,"template":"","format":"standard","meta":{"footnotes":""},"categories":[13],"tags":[],"class_list":["post-123","post","type-post","status-publish","format-standard","hentry","category-vie-associative"],"_links":{"self":[{"href":"https:\/\/vcca.fr\/wp\/wp-json\/wp\/v2\/posts\/123","targetHints":{"allow":["GET"]}}],"collection":[{"href":"https:\/\/vcca.fr\/wp\/wp-json\/wp\/v2\/posts"}],"about":[{"href":"https:\/\/vcca.fr\/wp\/wp-json\/wp\/v2\/types\/post"}],"author":[{"embeddable":true,"href":"https:\/\/vcca.fr\/wp\/wp-json\/wp\/v2\/users\/1"}],"replies":[{"embeddable":true,"href":"https:\/\/vcca.fr\/wp\/wp-json\/wp\/v2\/comments?post=123"}],"version-history":[{"count":3,"href":"https:\/\/vcca.fr\/wp\/wp-json\/wp\/v2\/posts\/123\/revisions"}],"predecessor-version":[{"id":4975,"href":"https:\/\/vcca.fr\/wp\/wp-json\/wp\/v2\/posts\/123\/revisions\/4975"}],"wp:attachment":[{"href":"https:\/\/vcca.fr\/wp\/wp-json\/wp\/v2\/media?parent=123"}],"wp:term":[{"taxonomy":"category","embeddable":true,"href":"https:\/\/vcca.fr\/wp\/wp-json\/wp\/v2\/categories?post=123"},{"taxonomy":"post_tag","embeddable":true,"href":"https:\/\/vcca.fr\/wp\/wp-json\/wp\/v2\/tags?post=123"}],"curies":[{"name":"wp","href":"https:\/\/api.w.org\/{rel}","templated":true}]}}