{"id":212,"date":"2012-09-03T09:54:03","date_gmt":"2012-09-03T08:54:03","guid":{"rendered":"http:\/\/vcca.fr\/wp\/?p=212"},"modified":"2018-12-15T23:16:37","modified_gmt":"2018-12-15T22:16:37","slug":"team-pro-immo-champion-de-france-de-dn3","status":"publish","type":"post","link":"https:\/\/vcca.fr\/wp\/2012\/09\/03\/team-pro-immo-champion-de-france-de-dn3\/","title":{"rendered":"TEAM PRO IMMO Champion de France de DN3"},"content":{"rendered":"<p>Communiqu\u00e9 rapide, d&rsquo;autre pr\u00e9cisions et photos \u00e0 venir.<\/p>\n<p style=\"text-align: justify;\"><a href=\"https:\/\/vcca.fr\/wp\/wp-content\/uploads\/2012\/09\/552079_4155723485220_1073460840_n.jpg\"><img loading=\"lazy\" decoding=\"async\" class=\"aligncenter size-full wp-image-215\" title=\"552079_4155723485220_1073460840_n\" src=\"https:\/\/vcca.fr\/wp\/wp-content\/uploads\/2012\/09\/552079_4155723485220_1073460840_n.jpg\" alt=\"\" width=\"600\" height=\"401\" srcset=\"https:\/\/vcca.fr\/wp\/wp-content\/uploads\/2012\/09\/552079_4155723485220_1073460840_n.jpg 600w, https:\/\/vcca.fr\/wp\/wp-content\/uploads\/2012\/09\/552079_4155723485220_1073460840_n-300x200.jpg 300w\" sizes=\"auto, (max-width: 600px) 100vw, 600px\" \/><\/a><\/p>\n<p style=\"text-align: justify;\">Le Team Pro Immo est champion de France de Division Nationale 3. Il remporte la finale hier et acc\u00e8de ainsi \u00e0 la Division Nationale 2.<\/p>\n<p><strong>R\u00e9sum\u00e9 de course d\u2019apr\u00e8s direct v\u00e9lo :\u00a0<\/strong><\/p>\n<p style=\"text-align: justify;\">Une \u00e9chapp\u00e9e (cassure) de 33 coureurs se produit assez tot et va atteindre jusqu\u2019a 1\u201912\u2033 d\u2019avance. Nous n\u2019avons qu\u2019un seul coureur dans ce groupe (Nicolas Chadefaux). Boris fid\u00e8le \u00e0 son habitude sort en contre mais ne rentrera pas. Mais le groupe de 33 ne peut pas s\u2019entendre et il y a regroupement g\u00e9n\u00e9ral.<\/p>\n<p style=\"text-align: justify;\">Puis 12 coureurs ressortent et prennent de l\u2019avance jusqu\u2019a 55\u2033 d\u2019avance. Nous n\u2019avons personne devant. Puis un groupe de contre sort avec 14 coureurs. Nous avons Jordan Talobre dans ce groupe de contre qui fera la jonction. Il y a donc 26 coureurs en t\u00eate avec 1\u201937\u2033 d\u2019avance et avec Jordan. L\u2019\u00e9cart va diminu\u00e9 \u00e0 26 car l\u2019entente est moins bonne.<\/p>\n<p style=\"text-align: justify;\">Puis dans les premi\u00e8res bosses dures dans le final, Boris Orhlac revient en compagnie de Larpe sur le groupe de t\u00eate. Alexandre Join \u00e0 du aussi faire la jonction dans cette cohue. Et voil\u00e0 25 coureurs en t\u00eates dans le final dont 3 Team Pro Immo. Ces 3 l\u00e0 vont termin\u00e9 6\u00e8me, 8\u00e8me et 11\u00e8me et d\u00e9crocher la palme par \u00e9quipe\u2026. c\u2019est b\u00f4\u2026<\/p>\n<p>\u00a0<strong>Classement :<\/strong><\/p>\n<p>1\u00a0Team Pro Immo Nicolas Roux 25\u00a0pts<br \/>\n2\u00a0Hennebont Cyclisme\u00a036<br \/>\n3\u00a0VCP Loud\u00e9ac\u00a041<br \/>\n4\u00a0CG Orl\u00e9ans Loiret\u00a056<br \/>\n5\u00a0Sprinter Club de Nice\u00a066<br \/>\n6\u00a0VCA St Quentin\u00a073<br \/>\n7\u00a0A.PO.GE \u00a082<br \/>\n8\u00a0UVCA.Troyes\u00a090<br \/>\n9\u00a0CC P\u00e9rigueux Dordogne\u00a0103<br \/>\n10\u00a0US ST Herblain\u00a0108<br \/>\n11\u00a0Velo Club Dolois\u00a0108<br \/>\n12\u00a0EC Mayennaise\u00a0113<br \/>\n13\u00a0ASPTT Rennes\u00a0125<br \/>\n14\u00a0POC C\u00f4te de Lumi\u00e8re\u00a0126<br \/>\n15\u00a0AC Octeville\u00a0136<br \/>\n16\u00a0ES Torigni\u00a0140<br \/>\n17\u00a0ASPTT Nancy\u00a0151<br \/>\n18\u00a0GMC 38\u00a0169<br \/>\n19\u00a0Team Haute Savoie\u00a0171<br \/>\n20\u00a0CRC Limousin\u00a0189<br \/>\n21\u00a0VC Avranches\u00a0204<br \/>\n22\u00a0Coulaines \u2013 ACVS\u00a0233<br \/>\n23\u00a0Argenteuil VDSC95\u00a0234<br \/>\n24\u00a0V\u00e9lophile Naintr\u00e9enne\u00a0238<br \/>\n25\u00a0Team Cycliste Pays de Dinan\u00a0253<br \/>\n26\u00a0Team Macadam\u2019s Cowboys\u00a0118<\/p>\n","protected":false},"excerpt":{"rendered":"<p>Communiqu\u00e9 rapide, d&rsquo;autre pr\u00e9cisions et photos \u00e0 venir. Le Team Pro Immo est champion de France de Division Nationale 3. Il remporte la finale hier et acc\u00e8de ainsi \u00e0 la Division Nationale 2. R\u00e9sum\u00e9 de course d\u2019apr\u00e8s direct v\u00e9lo :\u00a0 Une \u00e9chapp\u00e9e (cassure) de 33 coureurs se produit assez tot et va atteindre jusqu\u2019a 1\u201912\u2033 &hellip; <a href=\"https:\/\/vcca.fr\/wp\/2012\/09\/03\/team-pro-immo-champion-de-france-de-dn3\/\" class=\"more-link\">Continuer la lecture de <span class=\"screen-reader-text\">TEAM PRO IMMO Champion de France de DN3<\/span>  <span class=\"meta-nav\">&rarr;<\/span><\/a><\/p>\n","protected":false},"author":1,"featured_media":0,"comment_status":"closed","ping_status":"closed","sticky":false,"template":"","format":"standard","meta":{"footnotes":""},"categories":[1],"tags":[],"class_list":["post-212","post","type-post","status-publish","format-standard","hentry","category-_mailpress_mailing_list_vcca"],"_links":{"self":[{"href":"https:\/\/vcca.fr\/wp\/wp-json\/wp\/v2\/posts\/212","targetHints":{"allow":["GET"]}}],"collection":[{"href":"https:\/\/vcca.fr\/wp\/wp-json\/wp\/v2\/posts"}],"about":[{"href":"https:\/\/vcca.fr\/wp\/wp-json\/wp\/v2\/types\/post"}],"author":[{"embeddable":true,"href":"https:\/\/vcca.fr\/wp\/wp-json\/wp\/v2\/users\/1"}],"replies":[{"embeddable":true,"href":"https:\/\/vcca.fr\/wp\/wp-json\/wp\/v2\/comments?post=212"}],"version-history":[{"count":3,"href":"https:\/\/vcca.fr\/wp\/wp-json\/wp\/v2\/posts\/212\/revisions"}],"predecessor-version":[{"id":4968,"href":"https:\/\/vcca.fr\/wp\/wp-json\/wp\/v2\/posts\/212\/revisions\/4968"}],"wp:attachment":[{"href":"https:\/\/vcca.fr\/wp\/wp-json\/wp\/v2\/media?parent=212"}],"wp:term":[{"taxonomy":"category","embeddable":true,"href":"https:\/\/vcca.fr\/wp\/wp-json\/wp\/v2\/categories?post=212"},{"taxonomy":"post_tag","embeddable":true,"href":"https:\/\/vcca.fr\/wp\/wp-json\/wp\/v2\/tags?post=212"}],"curies":[{"name":"wp","href":"https:\/\/api.w.org\/{rel}","templated":true}]}}