{"id":2675,"date":"2014-10-30T23:05:05","date_gmt":"2014-10-30T22:05:05","guid":{"rendered":"http:\/\/vcca.fr\/wp\/?p=2675"},"modified":"2018-12-17T23:29:19","modified_gmt":"2018-12-17T22:29:19","slug":"c-est-l-heure-des-recompenses-au-vcca","status":"publish","type":"post","link":"https:\/\/vcca.fr\/wp\/2014\/10\/30\/c-est-l-heure-des-recompenses-au-vcca\/","title":{"rendered":"C&rsquo; EST L&rsquo; HEURE DES R\u00c9COMPENSES AU VCCA"},"content":{"rendered":"<p>Alors que la saison des cyclo-cross est d\u00e9j\u00e0 bien engag\u00e9e, il est temps de faire le bilan de la saison sur route. Cette ann\u00e9e 2014 ne d\u00e9roge pas \u00e0 la r\u00e8gle car les coureurs du VCCA \/ TEAM PRO IMMO ont encore une fois, glan\u00e9 un bon nombre de victoires et places d\u2019honneur. Comptablement, l\u2019\u00e9quipe de 1ere division nationale a atteint la barre des 50 victoires et assur\u00e9 sa place dans l\u2019\u00e9lite pour l\u2019ann\u00e9e prochaine. Pour eux cette saison s\u2019est termin\u00e9e en apoth\u00e9ose avec le doubl\u00e9 historique d\u2019Alexis Dulin et R\u00e9mi Cavagna au chrono des nations espoirs disput\u00e9s aux Herbiers. (Alexis se paya m\u00eame le luxe de battre le temps record de l\u2019\u00e9preuve.) A l\u2019intersaison, des mouvements de mutations sont en cours,<!--more--> comme chaque ann\u00e9e \u00e0 pareille \u00e9poque. Il s\u2019agit de renforcer l\u2019\u00e9quipe tout en gardant la belle homog\u00e9n\u00e9it\u00e9 qui a fait des merveilles ces derni\u00e8res saisons. Des d\u00e9parts sont pr\u00e9visibles \u00e9galement\u00a0: quand un club a des coureurs de grand talent qui rayonnent de leurs classes dans les diff\u00e9rentes comp\u00e9titions nationales et internationales, il est in\u00e9vitable que cela suscite quelques convoitises et pour certains coureurs, les sir\u00e8nes du professionnalisme sifflent \u00e0 leurs oreilles. Il s\u2019agit pour ces futurs champions de faire le bon choix, en tout cas, pour le VCCA TEAM PRO IMMO, c\u2019est le signe de la r\u00e9ussite. Nous en reparlerons dans quelques semaines.<\/p>\n<p>Les succ\u00e8s apportent de la reconnaissance, m\u00e9rit\u00e9e, et prestigieuse surtout lorsqu\u2019elle \u00e9mane de l\u2019amicale des coureurs auvergnats qui comptent dans ses rangs de grands nom du cyclisme comme Raphael G\u00e9miniani et Jean Claude Theilli\u00e8re\u00a0. Chaque ann\u00e9e, cette association prestigieuse honore les meilleurs talents auvergnats dans chaque cat\u00e9gorie. La semaine derni\u00e8re, dans une c\u00e9l\u00e8bre salle de spectacle d\u2019Orcet, le Pr\u00e9sident Claude S\u00e9guy, en collaboration avec les responsables V\u00e9lo Racing News, avait convi\u00e9 tous les amoureux du v\u00e9lo \u00e0 une soir\u00e9e de gala anim\u00e9e par une autre gloire du cyclisme en Auvergne, Patrick Bulidon. Bien \u00e9videmment, Alexis Dulin, fer de lance de l\u2019\u00e9quipe du VCCA TEAM PRO IMMO, fut r\u00e9compens\u00e9 au titre de meilleur coureur espoirs de l\u2019ann\u00e9e 2014. Il succ\u00e8de en cela \u00e0 des noms prestigieux comme les anciens coureurs pros suivants\u00a0: Jean-Claude Beau, Ferdinand Julien, No\u00ebl Geneste, Jean Chassang, Guy Mas, Yves Bonnamour, G\u00e9rard Guazzini, David Delrieu, Christophe Laborie, S\u00e9bastien Fournet-Fayard, P.H. Lecuisinier. Alexis pourrait rejoindre leurs rangs compte tenu de sa superbe progression cette saison. Le VCCA fut une nouvelle fois \u00e0 l\u2019honneur au cours de cette saison par Gr\u00e9gory Lafont, cadet, qui remporta la palme dans sa cat\u00e9gorie. Ce troph\u00e9e est la juste r\u00e9compense d\u2019une saison bien remplie o\u00f9 Gr\u00e9gory sut se montrer pr\u00e9sent et toujours bien plac\u00e9 sur les diff\u00e9rentes courses qui composaient ce challenge. Bien entour\u00e9 par une solide \u00e9quipe, il partage ce succ\u00e8s avec l\u2019ensemble de ses co\u00e9quipiers et son coach sportif.<\/p>\n<p>Mais la saison n\u2019est pas termin\u00e9e pour autant. Les cyclo-cross ont succ\u00e9d\u00e9 aux \u00e9preuves routi\u00e8res. Le VCCA organisera le sien autour du plan d\u2019eau le 30 novembre. Auparavant, les dirigeants invitent les cournonnais \u00e0 participer au Loto le 23 novembre \u00e0 la salle polyvalente. Le 29 novembre, ce sera l\u2019Assembl\u00e9e G\u00e9n\u00e9rale du club dans les locaux de la salle J&amp;M Gardet.<\/p>\n<p>G\u00e9rard Maton<\/p>\n<p>PHOTO\u00a0: Alexis Dulin et Gr\u00e9gory Lafont, entour\u00e9s de Ludovic Grare et Patrick Dorckel de V\u00e9loRacingNews<!--more--><\/p>\n","protected":false},"excerpt":{"rendered":"<p>Alors que la saison des cyclo-cross est d\u00e9j\u00e0 bien engag\u00e9e, il est temps de faire le bilan de la saison sur route. Cette ann\u00e9e 2014 ne d\u00e9roge pas \u00e0 la r\u00e8gle car les coureurs du VCCA \/ TEAM PRO IMMO ont encore une fois, glan\u00e9 un bon nombre de victoires et places d\u2019honneur. Comptablement, l\u2019\u00e9quipe &hellip; <a href=\"https:\/\/vcca.fr\/wp\/2014\/10\/30\/c-est-l-heure-des-recompenses-au-vcca\/\" class=\"more-link\">Continuer la lecture de <span class=\"screen-reader-text\">C&rsquo; EST L&rsquo; HEURE DES R\u00c9COMPENSES AU VCCA<\/span>  <span class=\"meta-nav\">&rarr;<\/span><\/a><\/p>\n","protected":false},"author":1,"featured_media":2674,"comment_status":"closed","ping_status":"open","sticky":false,"template":"","format":"standard","meta":{"footnotes":""},"categories":[1],"tags":[],"class_list":["post-2675","post","type-post","status-publish","format-standard","has-post-thumbnail","hentry","category-_mailpress_mailing_list_vcca"],"_links":{"self":[{"href":"https:\/\/vcca.fr\/wp\/wp-json\/wp\/v2\/posts\/2675","targetHints":{"allow":["GET"]}}],"collection":[{"href":"https:\/\/vcca.fr\/wp\/wp-json\/wp\/v2\/posts"}],"about":[{"href":"https:\/\/vcca.fr\/wp\/wp-json\/wp\/v2\/types\/post"}],"author":[{"embeddable":true,"href":"https:\/\/vcca.fr\/wp\/wp-json\/wp\/v2\/users\/1"}],"replies":[{"embeddable":true,"href":"https:\/\/vcca.fr\/wp\/wp-json\/wp\/v2\/comments?post=2675"}],"version-history":[{"count":2,"href":"https:\/\/vcca.fr\/wp\/wp-json\/wp\/v2\/posts\/2675\/revisions"}],"predecessor-version":[{"id":4994,"href":"https:\/\/vcca.fr\/wp\/wp-json\/wp\/v2\/posts\/2675\/revisions\/4994"}],"wp:featuredmedia":[{"embeddable":true,"href":"https:\/\/vcca.fr\/wp\/wp-json\/wp\/v2\/media\/2674"}],"wp:attachment":[{"href":"https:\/\/vcca.fr\/wp\/wp-json\/wp\/v2\/media?parent=2675"}],"wp:term":[{"taxonomy":"category","embeddable":true,"href":"https:\/\/vcca.fr\/wp\/wp-json\/wp\/v2\/categories?post=2675"},{"taxonomy":"post_tag","embeddable":true,"href":"https:\/\/vcca.fr\/wp\/wp-json\/wp\/v2\/tags?post=2675"}],"curies":[{"name":"wp","href":"https:\/\/api.w.org\/{rel}","templated":true}]}}