{"id":305,"date":"2012-09-19T10:48:46","date_gmt":"2012-09-19T09:48:46","guid":{"rendered":"http:\/\/vcca.fr\/wp\/?p=305"},"modified":"2012-09-19T10:48:46","modified_gmt":"2012-09-19T09:48:46","slug":"we-15-16-17-septembre","status":"publish","type":"post","link":"https:\/\/vcca.fr\/wp\/2012\/09\/19\/we-15-16-17-septembre\/","title":{"rendered":"WE 15 16 17 septembre"},"content":{"rendered":"<p>K\u00e9vin AMARTIN sur le podium \u00e0 Ligni\u00e8res (18)<\/p>\n<p><a href=\"https:\/\/vcca.fr\/wp\/wp-content\/uploads\/2012\/09\/IMG_03851.jpg\"><img loading=\"lazy\" decoding=\"async\" class=\"alignleft  wp-image-308\" title=\"IMG_0385\" src=\"https:\/\/vcca.fr\/wp\/wp-content\/uploads\/2012\/09\/IMG_03851.jpg\" alt=\"Podium \u00e0 Ligni\u00e8res\" width=\"508\" height=\"377\" \/><\/a><\/p>\n<p>3 coureurs du VCCA Pro Immo se pr\u00e9sentent sur la ligne de d\u00e9part \u00e0 Ligni\u00e8res parmi les 77 partants: Sebastien MOREAU, Aur\u00e9lien POYET et K\u00e9vin AMARTIN.<\/p>\n<p>12 tours de 8 kms \u00e0 parcourir, d\u00e8s le 1er tour 11 hommes prennent une quinzaine de secondes au peloton. K\u00e9vin est dans ce groupe. Au 2\u00e8me passage, le peloton ne semble pas r\u00e9agir et l&rsquo;\u00e9cart est de 45&Prime;.<\/p>\n<p>Les 11 de t\u00eate s&rsquo;entendent bien, un seul repr\u00e9sentant par club, les principaux favoris sont l\u00e0. Au 3\u00e8me pasage, l&rsquo;\u00e9cart est sup\u00e9rieur \u00e0 la minute.<\/p>\n<p>Des contres se font, Seb et Aur\u00e9lien se glissent dedans, mais l&rsquo;affaire est entendue, la course est devant.<\/p>\n<p><a href=\"https:\/\/vcca.fr\/wp\/wp-content\/uploads\/2012\/09\/IMG_03791.jpg\"><img loading=\"lazy\" decoding=\"async\" class=\"alignleft  wp-image-309\" title=\"IMG_0379\" src=\"https:\/\/vcca.fr\/wp\/wp-content\/uploads\/2012\/09\/IMG_03791.jpg\" alt=\"Le sprint\" width=\"509\" height=\"336\" \/><\/a><\/p>\n<p>Au fil des tours, le groupe de t\u00eate perd des unit\u00e9s et c&rsquo;est \u00e0 8 qu&rsquo;ils entament la derni\u00e8re rotation. Lors du dernier tour, K\u00e9vin place une attaque et provoque une cassure, ils sont alors 5 pour le sprint final. <strong>K\u00e9vin termine 3\u00e8me.<\/strong><\/p>\n","protected":false},"excerpt":{"rendered":"<p>K\u00e9vin AMARTIN sur le podium \u00e0 Ligni\u00e8res (18) 3 coureurs du VCCA Pro Immo se pr\u00e9sentent sur la ligne de d\u00e9part \u00e0 Ligni\u00e8res parmi les 77 partants: Sebastien MOREAU, Aur\u00e9lien POYET et K\u00e9vin AMARTIN. 12 tours de 8 kms \u00e0 parcourir, d\u00e8s le 1er tour 11 hommes prennent une quinzaine de secondes au peloton. K\u00e9vin &hellip; <a href=\"https:\/\/vcca.fr\/wp\/2012\/09\/19\/we-15-16-17-septembre\/\" class=\"more-link\">Continuer la lecture de <span class=\"screen-reader-text\">WE 15 16 17 septembre<\/span>  <span class=\"meta-nav\">&rarr;<\/span><\/a><\/p>\n","protected":false},"author":1,"featured_media":308,"comment_status":"closed","ping_status":"closed","sticky":false,"template":"","format":"standard","meta":{"footnotes":""},"categories":[1],"tags":[],"class_list":["post-305","post","type-post","status-publish","format-standard","has-post-thumbnail","hentry","category-_mailpress_mailing_list_vcca"],"_links":{"self":[{"href":"https:\/\/vcca.fr\/wp\/wp-json\/wp\/v2\/posts\/305","targetHints":{"allow":["GET"]}}],"collection":[{"href":"https:\/\/vcca.fr\/wp\/wp-json\/wp\/v2\/posts"}],"about":[{"href":"https:\/\/vcca.fr\/wp\/wp-json\/wp\/v2\/types\/post"}],"author":[{"embeddable":true,"href":"https:\/\/vcca.fr\/wp\/wp-json\/wp\/v2\/users\/1"}],"replies":[{"embeddable":true,"href":"https:\/\/vcca.fr\/wp\/wp-json\/wp\/v2\/comments?post=305"}],"version-history":[{"count":1,"href":"https:\/\/vcca.fr\/wp\/wp-json\/wp\/v2\/posts\/305\/revisions"}],"predecessor-version":[{"id":310,"href":"https:\/\/vcca.fr\/wp\/wp-json\/wp\/v2\/posts\/305\/revisions\/310"}],"wp:featuredmedia":[{"embeddable":true,"href":"https:\/\/vcca.fr\/wp\/wp-json\/wp\/v2\/media\/308"}],"wp:attachment":[{"href":"https:\/\/vcca.fr\/wp\/wp-json\/wp\/v2\/media?parent=305"}],"wp:term":[{"taxonomy":"category","embeddable":true,"href":"https:\/\/vcca.fr\/wp\/wp-json\/wp\/v2\/categories?post=305"},{"taxonomy":"post_tag","embeddable":true,"href":"https:\/\/vcca.fr\/wp\/wp-json\/wp\/v2\/tags?post=305"}],"curies":[{"name":"wp","href":"https:\/\/api.w.org\/{rel}","templated":true}]}}