{"id":31,"date":"2012-06-10T17:43:43","date_gmt":"2012-06-10T16:43:43","guid":{"rendered":"http:\/\/vcca.fr\/wp\/?p=31"},"modified":"2025-01-17T22:17:30","modified_gmt":"2025-01-17T21:17:30","slug":"coupe-auvergne-limousin-cadets","status":"publish","type":"post","link":"https:\/\/vcca.fr\/wp\/2012\/06\/10\/coupe-auvergne-limousin-cadets\/","title":{"rendered":"COUPE AUVERGNE LIMOUSIN CADETS"},"content":{"rendered":"<p style=\"text-align: justify;\"><img loading=\"lazy\" decoding=\"async\" style=\"border: 0px;\" src=\"http:\/\/www.vcca.fr\/images\/stories\/photos\/Cadets\/malintrat.jpg\" alt=\"\" width=\"500\" height=\"332\" border=\"0\" \/>La 4e manche de la Coupe Auvergne-Limousin s&rsquo;est d\u00e9roul\u00e9e hier sous une forte chaleur \u00e0 Malintrat, sur un circuit expos\u00e9 en partie au fort vent de Sud. D\u00e8s le d\u00e9part, Pierre Ruffaut (UC Creuzier) acc\u00e9l\u00e8re mais c&rsquo;est au d\u00e9but du deuxi\u00e8me tour que Alexandre Meyleu attaque, Pierre Ruffaut chute dans un virage et abandonne. Le peloton ne r\u00e9agit pas et Quentin Meyleu en profite pour attaquer \u00e0 la fin du deuxi\u00e8me tour. L&rsquo;\u00e9cart entre Alexandre et Quentin est de 30s, le peloton est 30s derri\u00e8re Quentin. Alexis Labernia, Nicolas Chabrat, Louis Chaspoul et Alexandre Larive font alors un excellent travail d&rsquo;\u00e9quipe en bloquant les autres coureurs et imposant un rythme constant. Devant, Quentin revient \u00e0 20s mais il commence \u00e0 plafonner apr\u00e8s 6 tours, il perdra du terrain puis temporisera l\u00e9g\u00e9rement apr\u00e8s le 11e tour pour attendre un groupe de contre compos\u00e9 de Corentin Ville (UC Saint Ch\u00e9ly), Rapha\u00ebl Fracasso (Creuse Oxyg\u00e8ne, leader du classement g\u00e9n\u00e9ral), L\u00e9o Boileau(VC Montbrison), r\u00e9cent vainqueur \u00e0 Montferrand ainsi que Audrey Menut (Creuse Oxyg\u00e8ne) championne de France de VTT et de Cyclo-Cross. Seul ces quatres coureurs vont se relayer, Quentin joue le r\u00f4le de perturbateur dans ce groupe en ne prenant aucun relais. Le peloton est toujours contr\u00f4l\u00e9 par Alexis et Alexandre L. , Nicolas doit abandonner des m\u00eames raisons que la semaine pr\u00e9c\u00e9dente, Louis, qui n&rsquo;est pas dans un grand jour, est l\u00e2ch\u00e9 tout comme Florian et K\u00e9vin un peu plus t\u00f4t.<\/p>\n<p style=\"text-align: justify;\">Il reste 5 tours et l&rsquo;\u00e9cart entre Alexandre et le groupe de contre est de 1min, Quentin attaque dans ce groupe qui avait vu le retour de Benjamin Levray (VS Gerzat), r\u00e9duisant celui-ci \u00e0 un trio compos\u00e9 de Quentin, Leo Boileau et Corentin Ville. Quentin ne prend toujours pas de relais dans ce groupe et les deux autres coureurs l&rsquo;attaquent \u00e0 plusieurs reprises, Quentin l\u00e2che dans la fin du deuxi\u00e8me tour alors que l&rsquo;\u00e9cart n&rsquo;est plus que de 30s avec Alexandre. Apr\u00e8s une tr\u00e8s bonne course sur un circuit qui l&rsquo;avait mis en \u00e9vidence l&rsquo;an pass\u00e9, Alexis l\u00e2che \u00e0 son tour le peloton. Devant c&rsquo;est donc un trio qui va se disputer la victoire au sprint, et c&rsquo;est Alexandre qui l&#8217;emporte devant Leo Boileau et Corentin Ville, Quentin termine 4e \u00e0 une petite minute derri\u00e8re. Alexandre L. remporte de belle mani\u00e8re le sprint du peloton pour aller chercher une belle 10e place\u00a0.<\/p>\n<p>\u00a0L<strong>e top 10\u00a0(le reste du classement est inconnu) :<\/strong><\/p>\n<p>1 Meyleu Alexandre VCCournon Auvergne Pro Immo N.Roux<\/p>\n<p>2 Boileau L\u00e9o VC Montbrisonnais<\/p>\n<p>3 Ville Corentin UC St Ch\u00e9ly D&rsquo;Apcher<\/p>\n<p>4 Meyleu Quentin VCCournon Auvergne Pro Immo N.Roux<\/p>\n<p>5 Levray Benjamin VS Gerzatois<\/p>\n<p>6 Dance Quentin VS Brivadois<\/p>\n<p>7 Fracasso Rapha\u00ebl Creuse Oxyg\u00e8ne<\/p>\n<p>8 Chartier Victor VS Gerzatois<\/p>\n<p>9 ?<\/p>\n<p>10 Larive Alexandre VC Cournon Auvergne Pro Immo N.Roux<\/p>\n<p><em>Alexandre Meyleu<\/em><\/p>\n","protected":false},"excerpt":{"rendered":"<p>La 4e manche de la Coupe Auvergne-Limousin s&rsquo;est d\u00e9roul\u00e9e hier sous une forte chaleur \u00e0 Malintrat, sur un circuit expos\u00e9 en partie au fort vent de Sud. D\u00e8s le d\u00e9part, Pierre Ruffaut (UC Creuzier) acc\u00e9l\u00e8re mais c&rsquo;est au d\u00e9but du deuxi\u00e8me tour que Alexandre Meyleu attaque, Pierre Ruffaut chute dans un virage et abandonne. Le &hellip; <a href=\"https:\/\/vcca.fr\/wp\/2012\/06\/10\/coupe-auvergne-limousin-cadets\/\" class=\"more-link\">Continuer la lecture de <span class=\"screen-reader-text\">COUPE AUVERGNE LIMOUSIN CADETS<\/span>  <span class=\"meta-nav\">&rarr;<\/span><\/a><\/p>\n","protected":false},"author":1,"featured_media":0,"comment_status":"closed","ping_status":"open","sticky":false,"template":"","format":"standard","meta":{"footnotes":""},"categories":[9],"tags":[],"class_list":["post-31","post","type-post","status-publish","format-standard","hentry","category-cadets"],"_links":{"self":[{"href":"https:\/\/vcca.fr\/wp\/wp-json\/wp\/v2\/posts\/31","targetHints":{"allow":["GET"]}}],"collection":[{"href":"https:\/\/vcca.fr\/wp\/wp-json\/wp\/v2\/posts"}],"about":[{"href":"https:\/\/vcca.fr\/wp\/wp-json\/wp\/v2\/types\/post"}],"author":[{"embeddable":true,"href":"https:\/\/vcca.fr\/wp\/wp-json\/wp\/v2\/users\/1"}],"replies":[{"embeddable":true,"href":"https:\/\/vcca.fr\/wp\/wp-json\/wp\/v2\/comments?post=31"}],"version-history":[{"count":4,"href":"https:\/\/vcca.fr\/wp\/wp-json\/wp\/v2\/posts\/31\/revisions"}],"predecessor-version":[{"id":10729,"href":"https:\/\/vcca.fr\/wp\/wp-json\/wp\/v2\/posts\/31\/revisions\/10729"}],"wp:attachment":[{"href":"https:\/\/vcca.fr\/wp\/wp-json\/wp\/v2\/media?parent=31"}],"wp:term":[{"taxonomy":"category","embeddable":true,"href":"https:\/\/vcca.fr\/wp\/wp-json\/wp\/v2\/categories?post=31"},{"taxonomy":"post_tag","embeddable":true,"href":"https:\/\/vcca.fr\/wp\/wp-json\/wp\/v2\/tags?post=31"}],"curies":[{"name":"wp","href":"https:\/\/api.w.org\/{rel}","templated":true}]}}