{"id":33,"date":"2012-07-16T17:45:19","date_gmt":"2012-07-16T16:45:19","guid":{"rendered":"http:\/\/vcca.fr\/wp\/?p=33"},"modified":"2018-12-15T23:02:54","modified_gmt":"2018-12-15T22:02:54","slug":"championnat-dauvergne-vtt","status":"publish","type":"post","link":"https:\/\/vcca.fr\/wp\/2012\/07\/16\/championnat-dauvergne-vtt\/","title":{"rendered":"CHAMPIONNAT D&rsquo;AUVERGNE VTT :"},"content":{"rendered":"<p><img decoding=\"async\" src=\"http:\/\/www.vcca.fr\/images\/stories\/photos\/vtt\/2012\/dsc03035.jpg\" alt=\"\" height=\"500\" border=\"0\" \/>Ce dimanche ont eu lieu \u00e0 Moulet-Marcenat, pr\u00e8s de Volvic, les championnats r\u00e9gionaux de VTT XC qui concernaient toutes les cat\u00e9gories de coureurs de pr\u00e9-licenci\u00e9s \u00e0 masters 3. L&rsquo;organisation en avait \u00e9t\u00e9 confi\u00e9e au dynamique club d&rsquo;Energy Cycles Mozac. Deux boucles avaient \u00e9t\u00e9 trac\u00e9es. La 1\u00e8re d&rsquo;environ 5 km pr\u00e9sentant deux zones techniques\u00a0 lors de passages dans les sous-bois avec travers\u00e9e sinueuse de cheires et franchissement de nombreux obstacles naturels. La 2\u00e8me de 11 km qui entre les zones techniques de la 1\u00e8re s&rsquo;\u00e9loignait pour s&rsquo;\u00e9lever jusqu&rsquo;au col de la Nug\u00e8re, puis, par un sentier caillouteux et tr\u00e8s pentu, franchir le Puy du m\u00eame nom, descendre ensuite dans son crat\u00e8re par un \u00e9troit sentier glissant parsem\u00e9 de pi\u00e8ges (cailloux pointus, racines, pierres roulantes, marches, etc&#8230;), et enfin, apr\u00e8s une partie roulante, rejoindre la 2\u00e8me z<\/p>\n<p>one technique de la petite boucle. L&rsquo;arriv\u00e9e se jugeait sur le stade apr\u00e8s avoir franchi un pr\u00e9 tout bossel\u00e9. La m\u00e9t\u00e9o, grise en fin de matin\u00e9e, s&rsquo;am\u00e9liorait et le soleil \u00e9tait pr\u00e9sent tout l&rsquo;apr\u00e8s-midi.<\/p>\n<p style=\"text-align: justify;\">Ces championnats ont r\u00e9uni plus de 130 comp\u00e9titeurs. Le club \u00e9tait repr\u00e9sent\u00e9s par\u00a0<strong>Adrien Pourrat<\/strong>, en minimes,\u00a0<strong>Quentin Vessaire<\/strong>\u00a0et<strong>Baptiste Bonnet<\/strong>, en cadets et\u00a0<strong>Alain Chabert<\/strong>, en masters 3 (il \u00e9tait le plus \u00e2g\u00e9 de la cat\u00e9gorie).<\/p>\n<p style=\"text-align: justify;\"><strong>Adrien<\/strong>\u00a0s&rsquo;\u00e9lan\u00e7ait dans un paquet d&rsquo;environ 25 coureurs pour accomplir 3 boucles de 5km. Rapidement il \u00e9tait aux avant-postes en compagnie de 2 coureurs de Mozac et XC63. Dans le 2\u00e8me tour il prenait la t\u00eate de la course, le coureur de Mozac ayant d\u00e9croch\u00e9, talonn\u00e9 par celui de XC qui pr\u00e9sentait un gabarit bien sup\u00e9rieur. Dans le dernier tour il devait c\u00e9der la t\u00eate \u00e0 son concurrent mais prenait une\u00a0<strong>belle 2\u00e8me place<\/strong>\u00a0en ayant creus\u00e9 l&rsquo;\u00e9cart sur ses suivants.\u00a0<strong>Adrien est ainsi Vice Champion d&rsquo;Auvergne de VTT XC<\/strong>.<\/p>\n<p style=\"text-align: justify;\">C&rsquo;\u00e9tait ensuite au tour des autres cat\u00e9gories \u00e0 s&rsquo;\u00e9lancer pour effectuer la boucle de 5km suivie de 1 (pour Quentin et Bapt), 2 (pour Alain) ou 3 fois celle de 11km. Les d\u00e9parts successifs \u00e9taient tr\u00e8s rapides, les cadets au nombre de 15, partis en derni\u00e8re vague, pour les plus rapides, devaient remonter un \u00e0 un les concurrents attard\u00e9s, la petite boucle permettant de d\u00e9canter plus ou moins les positions de chacun. Malheureusement pour\u00a0<strong>Quentin<\/strong>, \u00e0 l&rsquo;issue de celle-ci le passage dans les cheires lui \u00e9tait fatal puiqu&rsquo;il \u00e9tait victime d&rsquo;une crevaison qui l&rsquo;amenait \u00e0 abandonner avant d&rsquo;avoir \u00e0 affronter le Puy de la Nug\u00e8re. Quant \u00e0\u00a0<strong>Bapt<\/strong>, comme \u00e0 son habitude, il partait tr\u00e8s vite pour se retrouver en t\u00eate dans les premiers singles, suivi et surveill\u00e9 de tr\u00e8s pr\u00e8s par ses plus s\u00e9rieux adversaires, J\u00e9r\u00e9my Jallet, Nicolas Butez et R\u00e9mi Falgoux du VC Besse, Nicolas Jouhan de XC , Ga\u00ebtan Maniez et Lucas Escout d&rsquo;EC Mozac, Ga\u00ebtan Pol d&rsquo;Horizon VTT et Corentin Charton de la ROMYA. A l&rsquo;entame de la grande boucle, alors que la pente s&rsquo;accentuait, il parvenait \u00e0 creuser un \u00e9cart d&rsquo;une centaine de m\u00e8tres sur J\u00e9r\u00e9my J., suivaient ensuite les Nicolas J. et B. C&rsquo;\u00e9tait ce qu&rsquo;il voulait afin de pouvoir aborder la descente dans le crat\u00e8re plus sereinement. Dans le retour, plus roulant, Bapt et J\u00e9r\u00e9my roulaient roue dans roue. Il fallait donc assurer et aborder en t\u00eate le dernier single\u00a0 ce qui fut fait. Venait alors le sprint final sur les 250 m\u00e8tres de prairie bossel\u00e9e. A la moiti\u00e9 J\u00e9r\u00e9my J. passait en t\u00eate. De loin il \u00e9tait difficile de voir le sc\u00e9nario de l&rsquo;arriv\u00e9e, c&rsquo;\u00e9tait rageant. Baptiste expliquera par la suite avoir laiss\u00e9 son adversaire le remonter pour ensuite mieux le surprendre sur les 100 derniers m\u00e8tres, comme un vieux briscard. Il franchissait la ligne avec une roue d&rsquo;avance mais aussi apr\u00e8s avoir men\u00e9 de bout en bout la course.\u00a0<strong>Bapt empochait une belle victoire et endossait le maillot de Champion d&rsquo;Auvergne<\/strong>, confirmant ainsi celui acquis l&rsquo;an dernier \u00e0 La Tour d&rsquo;Auvergne en cat\u00e9gorie minime.<\/p>\n<p style=\"text-align: justify;\">Quant \u00e0\u00a0<strong>Alain<\/strong>, apr\u00e8s une course s\u00e9rieuse et appliqu\u00e9e, o\u00f9 il sut parfaitement g\u00e9rer les efforts n\u00e9cessaires \u00e0 la mont\u00e9e sur le Puy de la Nug\u00e8re et faire preuve de technique et d&rsquo;habilet\u00e9 dans la descente de son crat\u00e8re, il bouclait son parcours en accrochant une<strong>\u00a0m\u00e9ritoire 7\u00e8me place<\/strong>.<\/p>\n<p style=\"text-align: justify;\">Baptiste a souhait\u00e9 profit\u00e9 de cette tribune pour remercier le club d&rsquo;Energy Cycles Mozac, ces dirigeants et ces coureurs (Thierry, Lucas, Ga\u00ebtan, Yohan, Arthur, &#8230;.) de l&rsquo;avoir aid\u00e9 et conseill\u00e9 lors des reconnaissances faites sur le parcours mais aussi ses entra\u00eeneurs du mercredi AM (Bernard, Michel, Marco, &#8230;) et Alex. L. avec qui il s&rsquo;est aguerri pour<\/p>\n<p style=\"text-align: justify;\">les sprints et enfin S\u00e9b C. de Light and Bike pour le coup de main dans le d\u00e9pannage et la pr\u00e9paration du mat\u00e9riel.<\/p>\n<p><img decoding=\"async\" src=\"http:\/\/www.vcca.fr\/images\/stories\/photos\/vtt\/2012\/dsc02982.jpg\" alt=\"\" width=\"360\" border=\"0\" \/><img decoding=\"async\" src=\"http:\/\/www.vcca.fr\/images\/stories\/photos\/vtt\/2012\/dsc02979.jpg\" alt=\"\" width=\"360\" border=\"0\" \/><\/p>\n","protected":false},"excerpt":{"rendered":"<p>Ce dimanche ont eu lieu \u00e0 Moulet-Marcenat, pr\u00e8s de Volvic, les championnats r\u00e9gionaux de VTT XC qui concernaient toutes les cat\u00e9gories de coureurs de pr\u00e9-licenci\u00e9s \u00e0 masters 3. L&rsquo;organisation en avait \u00e9t\u00e9 confi\u00e9e au dynamique club d&rsquo;Energy Cycles Mozac. Deux boucles avaient \u00e9t\u00e9 trac\u00e9es. La 1\u00e8re d&rsquo;environ 5 km pr\u00e9sentant deux zones techniques\u00a0 lors de &hellip; <a href=\"https:\/\/vcca.fr\/wp\/2012\/07\/16\/championnat-dauvergne-vtt\/\" class=\"more-link\">Continuer la lecture de <span class=\"screen-reader-text\">CHAMPIONNAT D&rsquo;AUVERGNE VTT :<\/span>  <span class=\"meta-nav\">&rarr;<\/span><\/a><\/p>\n","protected":false},"author":1,"featured_media":0,"comment_status":"open","ping_status":"open","sticky":false,"template":"","format":"standard","meta":{"footnotes":""},"categories":[1],"tags":[],"class_list":["post-33","post","type-post","status-publish","format-standard","hentry","category-_mailpress_mailing_list_vcca"],"_links":{"self":[{"href":"https:\/\/vcca.fr\/wp\/wp-json\/wp\/v2\/posts\/33","targetHints":{"allow":["GET"]}}],"collection":[{"href":"https:\/\/vcca.fr\/wp\/wp-json\/wp\/v2\/posts"}],"about":[{"href":"https:\/\/vcca.fr\/wp\/wp-json\/wp\/v2\/types\/post"}],"author":[{"embeddable":true,"href":"https:\/\/vcca.fr\/wp\/wp-json\/wp\/v2\/users\/1"}],"replies":[{"embeddable":true,"href":"https:\/\/vcca.fr\/wp\/wp-json\/wp\/v2\/comments?post=33"}],"version-history":[{"count":2,"href":"https:\/\/vcca.fr\/wp\/wp-json\/wp\/v2\/posts\/33\/revisions"}],"predecessor-version":[{"id":4964,"href":"https:\/\/vcca.fr\/wp\/wp-json\/wp\/v2\/posts\/33\/revisions\/4964"}],"wp:attachment":[{"href":"https:\/\/vcca.fr\/wp\/wp-json\/wp\/v2\/media?parent=33"}],"wp:term":[{"taxonomy":"category","embeddable":true,"href":"https:\/\/vcca.fr\/wp\/wp-json\/wp\/v2\/categories?post=33"},{"taxonomy":"post_tag","embeddable":true,"href":"https:\/\/vcca.fr\/wp\/wp-json\/wp\/v2\/tags?post=33"}],"curies":[{"name":"wp","href":"https:\/\/api.w.org\/{rel}","templated":true}]}}