{"id":3388,"date":"2016-03-31T22:58:48","date_gmt":"2016-03-31T20:58:48","guid":{"rendered":"http:\/\/vcca.fr\/wp\/?p=3388"},"modified":"2018-12-18T00:09:44","modified_gmt":"2018-12-17T23:09:44","slug":"le-beau-mois-de-mars-du-vcca","status":"publish","type":"post","link":"https:\/\/vcca.fr\/wp\/2016\/03\/31\/le-beau-mois-de-mars-du-vcca\/","title":{"rendered":"Le beau mois de mars du VCCA"},"content":{"rendered":"<p>Le mois de mars a \u00a0\u00e9t\u00e9 particuli\u00e8rement b\u00e9n\u00e9fique pour le VCCA. Apr\u00e8s les victoires tr\u00e8s prometteuses du\u00a0junior Simon Cavagna \u00e0 Cournon et \u00e0 la Durtorccha et du cadet Antoine Albisson \u00e0 Cusset et \u00e0 Sansac-de-Marmiesse et , c\u2019est au tour de Thierry Jaussi de l\u2019emporter \u00e0 Clerlande en cat\u00e9gorie Pass\u2019cyclisme.<!--more--> Cette \u00e9preuve constituant la 1<sup>\u00e8re<\/sup> \u00e9tape du Tour de Sioule et Morge, il aura \u00e0 d\u00e9fendre son maillot de leader \u00e0 la prochaine \u00e9tape qui se d\u00e9roulera le dimanche 24 avril \u00e0 Manzat. Avec une \u00e9quipe de Pass\u2019cyclisme tr\u00e8s solide autour de lui, tout est possible\u00a0!<\/p>\n<p><a href=\"https:\/\/vcca.fr\/wp\/le-beau-mois-de-mars-du-vcca\/cavagna-3\/\" rel=\"attachment wp-att-3392\"><img loading=\"lazy\" decoding=\"async\" class=\"size-full wp-image-3392 alignnone\" src=\"https:\/\/vcca.fr\/wp\/wp-content\/uploads\/2016\/03\/cavagna.jpg\" alt=\"cavagna\" width=\"400\" height=\"629\" srcset=\"https:\/\/vcca.fr\/wp\/wp-content\/uploads\/2016\/03\/cavagna.jpg 400w, https:\/\/vcca.fr\/wp\/wp-content\/uploads\/2016\/03\/cavagna-191x300.jpg 191w\" sizes=\"auto, (max-width: 400px) 100vw, 400px\" \/><\/a><\/p>\n<p>Simon Cavagna, vainqueur \u00e0 Cournon<\/p>\n<p><a href=\"https:\/\/vcca.fr\/wp\/le-beau-mois-de-mars-du-vcca\/albisson\/\" rel=\"attachment wp-att-3391\"><img loading=\"lazy\" decoding=\"async\" class=\"alignleft size-full wp-image-3391\" src=\"https:\/\/vcca.fr\/wp\/wp-content\/uploads\/2016\/03\/albisson.jpg\" alt=\"albisson\" width=\"960\" height=\"640\" srcset=\"https:\/\/vcca.fr\/wp\/wp-content\/uploads\/2016\/03\/albisson.jpg 960w, https:\/\/vcca.fr\/wp\/wp-content\/uploads\/2016\/03\/albisson-300x200.jpg 300w, https:\/\/vcca.fr\/wp\/wp-content\/uploads\/2016\/03\/albisson-768x512.jpg 768w\" sizes=\"auto, (max-width: 960px) 100vw, 960px\" \/><\/a><\/p>\n<p>Antoine Albisson vainqueur \u00e0 Cusset<\/p>\n<p>Outre les 5 victoires pr\u00e9c\u00e9demment cit\u00e9es, il faut ajouter les 2<sup>\u00e8me<\/sup> places de Simon Cavagna au prologue 4 cantons, d\u2019Ang\u00e9lique Guyot \u00e0 Cournon, d\u2019Anthony Voldoire \u00e0 la Durtorccha, de Romain Durand \u00e0 Clerlande et les 3<sup>\u00e8me<\/sup> places obtenues par Evan Paquet \u00e0 Cournon, Alexis Debote \u00e0 Cournon, Ang\u00e9lique Guyot \u00e0 Cusset et Anthony Mathieu \u00e0 Hauterive.<\/p>\n<p>C\u2019est donc 13 podiums obtenus par les coureurs du VCCA depuis le d\u00e9but de saison, et comme un bonheur n\u2019arrive jamais seul, Maxime Lelavandier a gagn\u00e9 le Circuit de la Vall\u00e9e du B\u00e9dat et le Grand Prix de Saint Etienne pour le compte du \u00a0Team Pro Immo Nicolas Roux. Autre satisfaction pour l\u2019\u00e9quipe fanion du VCCA, la victoire de Sylvain Georges au Grand Prix de Vougy. Un bel exemple pour tous les jeunes du V\u00e9lo Club Cournon d\u2019Auvergne qui r\u00eavent de marcher sur les traces de leurs ain\u00e9s<\/p>\n<p>Anthony Voldoire avec Eric et Romain Durand et Thierry Jaussi le leader du tour de Sioule et Morge<\/p>\n","protected":false},"excerpt":{"rendered":"<p>Le mois de mars a \u00a0\u00e9t\u00e9 particuli\u00e8rement b\u00e9n\u00e9fique pour le VCCA. Apr\u00e8s les victoires tr\u00e8s prometteuses du\u00a0junior Simon Cavagna \u00e0 Cournon et \u00e0 la Durtorccha et du cadet Antoine Albisson \u00e0 Cusset et \u00e0 Sansac-de-Marmiesse et , c\u2019est au tour de Thierry Jaussi de l\u2019emporter \u00e0 Clerlande en cat\u00e9gorie Pass\u2019cyclisme.<\/p>\n","protected":false},"author":19,"featured_media":3399,"comment_status":"closed","ping_status":"open","sticky":false,"template":"","format":"standard","meta":{"footnotes":""},"categories":[9,12,11,1],"tags":[],"class_list":["post-3388","post","type-post","status-publish","format-standard","has-post-thumbnail","hentry","category-cadets","category-a-lecole-de-cyclisme","category-juniors","category-_mailpress_mailing_list_vcca"],"_links":{"self":[{"href":"https:\/\/vcca.fr\/wp\/wp-json\/wp\/v2\/posts\/3388","targetHints":{"allow":["GET"]}}],"collection":[{"href":"https:\/\/vcca.fr\/wp\/wp-json\/wp\/v2\/posts"}],"about":[{"href":"https:\/\/vcca.fr\/wp\/wp-json\/wp\/v2\/types\/post"}],"author":[{"embeddable":true,"href":"https:\/\/vcca.fr\/wp\/wp-json\/wp\/v2\/users\/19"}],"replies":[{"embeddable":true,"href":"https:\/\/vcca.fr\/wp\/wp-json\/wp\/v2\/comments?post=3388"}],"version-history":[{"count":5,"href":"https:\/\/vcca.fr\/wp\/wp-json\/wp\/v2\/posts\/3388\/revisions"}],"predecessor-version":[{"id":5025,"href":"https:\/\/vcca.fr\/wp\/wp-json\/wp\/v2\/posts\/3388\/revisions\/5025"}],"wp:featuredmedia":[{"embeddable":true,"href":"https:\/\/vcca.fr\/wp\/wp-json\/wp\/v2\/media\/3399"}],"wp:attachment":[{"href":"https:\/\/vcca.fr\/wp\/wp-json\/wp\/v2\/media?parent=3388"}],"wp:term":[{"taxonomy":"category","embeddable":true,"href":"https:\/\/vcca.fr\/wp\/wp-json\/wp\/v2\/categories?post=3388"},{"taxonomy":"post_tag","embeddable":true,"href":"https:\/\/vcca.fr\/wp\/wp-json\/wp\/v2\/tags?post=3388"}],"curies":[{"name":"wp","href":"https:\/\/api.w.org\/{rel}","templated":true}]}}