{"id":3522,"date":"2016-07-10T00:13:44","date_gmt":"2016-07-09T22:13:44","guid":{"rendered":"http:\/\/vcca.fr\/wp\/?p=3522"},"modified":"2018-12-18T00:22:20","modified_gmt":"2018-12-17T23:22:20","slug":"grand-succes-pour-le-criterium-de-cournon","status":"publish","type":"post","link":"https:\/\/vcca.fr\/wp\/2016\/07\/10\/grand-succes-pour-le-criterium-de-cournon\/","title":{"rendered":"Grand succ\u00e8s pour le Crit\u00e9rium de Cournon !"},"content":{"rendered":"<p>Pour sa 5<sup>\u00e8me<\/sup> \u00e9dition le Crit\u00e9rium de Cournon a battu tous les records\u00a0de popularit\u00e9 avec un public tr\u00e8s nombreux venus applaudir les 60 coureurs qui se sont pr\u00e9sent\u00e9s sur la ligne de d\u00e9part.<!--more--> Il y avait bien sur tous les repr\u00e9sentants du Team Pro Immo, la filli\u00e8re \u00e9lite du V\u00e9lo club Counon d\u2019Auvergne, mais \u00e9galement les juniors et Pass Cyclisme du club, les coureurs d\u2019Issoire CyclismeComp\u00e9tition et de nombreux concurrents venant de toute le France, Saint Chely d\u2019Apcher, Aubenas, Bretagne, etc.<\/p>\n<p>Nouveaut\u00e9 cette ann\u00e9e avec la grande parade de l\u2019\u00e9cole de cyclisme du VCCA sous la conduite de son responsable Christian Parpinelli. Les jeunes ont \u00e9t\u00e9 particuli\u00e8rement fiers d\u2019\u00e9voluer avec leurs ain\u00e9s devant les spectateurs, parents et supporters. Le Team Pro Immo en a profit\u00e9 pour offrir des r\u00e9compenses aux coureurs qui ont \u00e9t\u00e9 les plus assidus \u00e0 l\u2019entrainement.<\/p>\n<p>Photos: Patrick Dorkel et G\u00e9rard Maton<\/p>\n<p>Dans la course 2\u00e8me cat\u00e9gorie : Simon Cavagna tr\u00e8s costaud a couru toute la course \u00e0 contre temps, dommage car il m\u00e9ritait bien mieux que la 8\u00e8me place, il remporte au passage le prix de 1er junior ,\u00a0<a href=\"https:\/\/www.facebook.com\/simon.phalip\">Simon Phalip<\/a>prend lui la 14\u00e8me place et progresse r\u00e9guli\u00e8rement chaque week-end<\/p>\n<p>Le dimanche \u00e0 Cornil (19) en 3\u00e8me cat\u00e9gorie :\u00a0<a href=\"https:\/\/www.facebook.com\/adrien.pourrat.1\">Adrien Pourrat<\/a> remporte son deuxi\u00e8me bouquet en 2016. Adrien est tr\u00e8s costaud depuis plusieurs semaines, il a \u00ab\u00a0franchi un cap\u00a0\u00bb cette saison et il devrait encore faire parler de lui.<\/p>\n","protected":false},"excerpt":{"rendered":"<p>Pour sa 5\u00e8me \u00e9dition le Crit\u00e9rium de Cournon a battu tous les records\u00a0de popularit\u00e9 avec un public tr\u00e8s nombreux venus applaudir les 60 coureurs qui se sont pr\u00e9sent\u00e9s sur la ligne de d\u00e9part.<\/p>\n","protected":false},"author":19,"featured_media":3532,"comment_status":"closed","ping_status":"open","sticky":false,"template":"","format":"standard","meta":{"footnotes":""},"categories":[12,1],"tags":[],"class_list":["post-3522","post","type-post","status-publish","format-standard","has-post-thumbnail","hentry","category-a-lecole-de-cyclisme","category-_mailpress_mailing_list_vcca"],"_links":{"self":[{"href":"https:\/\/vcca.fr\/wp\/wp-json\/wp\/v2\/posts\/3522","targetHints":{"allow":["GET"]}}],"collection":[{"href":"https:\/\/vcca.fr\/wp\/wp-json\/wp\/v2\/posts"}],"about":[{"href":"https:\/\/vcca.fr\/wp\/wp-json\/wp\/v2\/types\/post"}],"author":[{"embeddable":true,"href":"https:\/\/vcca.fr\/wp\/wp-json\/wp\/v2\/users\/19"}],"replies":[{"embeddable":true,"href":"https:\/\/vcca.fr\/wp\/wp-json\/wp\/v2\/comments?post=3522"}],"version-history":[{"count":7,"href":"https:\/\/vcca.fr\/wp\/wp-json\/wp\/v2\/posts\/3522\/revisions"}],"predecessor-version":[{"id":5033,"href":"https:\/\/vcca.fr\/wp\/wp-json\/wp\/v2\/posts\/3522\/revisions\/5033"}],"wp:featuredmedia":[{"embeddable":true,"href":"https:\/\/vcca.fr\/wp\/wp-json\/wp\/v2\/media\/3532"}],"wp:attachment":[{"href":"https:\/\/vcca.fr\/wp\/wp-json\/wp\/v2\/media?parent=3522"}],"wp:term":[{"taxonomy":"category","embeddable":true,"href":"https:\/\/vcca.fr\/wp\/wp-json\/wp\/v2\/categories?post=3522"},{"taxonomy":"post_tag","embeddable":true,"href":"https:\/\/vcca.fr\/wp\/wp-json\/wp\/v2\/tags?post=3522"}],"curies":[{"name":"wp","href":"https:\/\/api.w.org\/{rel}","templated":true}]}}