{"id":3673,"date":"2016-11-09T23:14:21","date_gmt":"2016-11-09T22:14:21","guid":{"rendered":"http:\/\/vcca.fr\/wp\/?p=3673"},"modified":"2018-12-19T23:49:49","modified_gmt":"2018-12-19T22:49:49","slug":"les-dirigeants-du-vcca-se-mobilisent","status":"publish","type":"post","link":"https:\/\/vcca.fr\/wp\/2016\/11\/09\/les-dirigeants-du-vcca-se-mobilisent\/","title":{"rendered":"Les dirigeants du VCCA se mobilisent !"},"content":{"rendered":"<p>Mardi dernier le pr\u00e9sident Marco Da Silva a r\u00e9uni les membres de son bureau ainsi que de nombreux b\u00e9n\u00e9voles pour mettre au point les derni\u00e8res organisations de l&rsquo;ann\u00e9e.<!--more--><\/p>\n<p>La premi\u00e8re manifestation aura lieu le samedi 19 novembre \u00e0 la salle polyvalente de Cournon avec le traditionnel Loto. L\u2019ouverture des portes est pr\u00e9vue \u00e0 19h15 et le jeu commencera \u00e0 20h. L\u2019animation sera assur\u00e9e par Anthony Voldoire assist\u00e9 par Patrick Bulidon le manager du Team Pro-Immo Nicolas Roux. Il y aura de superbes lots \u00e0 gagner\u00a0: Voyage de 5 jours en Espagne, PS4, T\u00e9l\u00e9vision, Tablette, VTT etc. \u00a0De quoi attirer un nombreux public qui devrait passer une soir\u00e9e particuli\u00e8rement conviviale.<\/p>\n<p>La semaine suivante, le samedi 26 novembre aura lieu le cyclo-cross de Cournon. Le spectacle commencera \u00e0 13h30 avec une course minimes, suivi d\u2019une course cadets, juniors et f\u00e9minines \u00e0 14h et d\u2019une pr\u00e9sentation de l\u2019\u00e9cole de cyclisme du VCCA en lever de rideau de la course espoirs\/seniors \u00e0 15h. Il y aura un plateau exceptionnel avec la pr\u00e9sence des 3 coureurs professionnels licenci\u00e9s au V\u00e9lo Club Cournon d\u2019Auvergne, Julian Alaphilippe, R\u00e9mi Cavagna et Florent Pereira. Ils auront \u00e0 c\u0153ur de briller devant un public tout acquis \u00e0 leur cause.<\/p>\n<p>Le samedi 3 d\u00e9cembre de 9h \u00e0 12h, le VCCA va organiser avec Thierry Ducloux (OPTIC2000) une animation TELETHON ouverte \u00e0 tous. Il s&rsquo;agira de faire du home trainer et de faire un don pour l&rsquo;AFM. Rendez vous de 9h \u00e0 12h devant le magasin OPTIC 2000 avenue de la Lib\u00e9ration. Cette manifestation \u00e0 peine termin\u00e9, il faudra se r\u00e9unir pour l&rsquo;Assembl\u00e9e G\u00e9n\u00e9rale qui aura lieu \u00e0 19h au si\u00e8ge du club, 9, rue des Fusill\u00e9s de Vingr\u00e9. \u00a0L\u2019occasion de faire le bilan d\u2019une saison riche en victoires et en \u00e9motions.<\/p>\n<p>Les dirigeants du VCCA auront donc beaucoup de travail pour pr\u00e9parer ces manifestation mais le pr\u00e9sident Marco Da Silva a pu constater\u00a0au cours de la r\u00e9union que leur motivation \u00e9tait toujours aussi forte\u00a0et il peux aborder cette p\u00e9riode d\u00e9licate avec une grande confiance.<\/p>\n","protected":false},"excerpt":{"rendered":"<p>Mardi dernier le pr\u00e9sident Marco Da Silva a r\u00e9uni les membres de son bureau ainsi que de nombreux b\u00e9n\u00e9voles pour mettre au point les derni\u00e8res organisations de l&rsquo;ann\u00e9e.<\/p>\n","protected":false},"author":19,"featured_media":3676,"comment_status":"closed","ping_status":"open","sticky":false,"template":"","format":"standard","meta":{"footnotes":""},"categories":[1,13],"tags":[],"class_list":["post-3673","post","type-post","status-publish","format-standard","has-post-thumbnail","hentry","category-_mailpress_mailing_list_vcca","category-vie-associative"],"_links":{"self":[{"href":"https:\/\/vcca.fr\/wp\/wp-json\/wp\/v2\/posts\/3673","targetHints":{"allow":["GET"]}}],"collection":[{"href":"https:\/\/vcca.fr\/wp\/wp-json\/wp\/v2\/posts"}],"about":[{"href":"https:\/\/vcca.fr\/wp\/wp-json\/wp\/v2\/types\/post"}],"author":[{"embeddable":true,"href":"https:\/\/vcca.fr\/wp\/wp-json\/wp\/v2\/users\/19"}],"replies":[{"embeddable":true,"href":"https:\/\/vcca.fr\/wp\/wp-json\/wp\/v2\/comments?post=3673"}],"version-history":[{"count":5,"href":"https:\/\/vcca.fr\/wp\/wp-json\/wp\/v2\/posts\/3673\/revisions"}],"predecessor-version":[{"id":5054,"href":"https:\/\/vcca.fr\/wp\/wp-json\/wp\/v2\/posts\/3673\/revisions\/5054"}],"wp:featuredmedia":[{"embeddable":true,"href":"https:\/\/vcca.fr\/wp\/wp-json\/wp\/v2\/media\/3676"}],"wp:attachment":[{"href":"https:\/\/vcca.fr\/wp\/wp-json\/wp\/v2\/media?parent=3673"}],"wp:term":[{"taxonomy":"category","embeddable":true,"href":"https:\/\/vcca.fr\/wp\/wp-json\/wp\/v2\/categories?post=3673"},{"taxonomy":"post_tag","embeddable":true,"href":"https:\/\/vcca.fr\/wp\/wp-json\/wp\/v2\/tags?post=3673"}],"curies":[{"name":"wp","href":"https:\/\/api.w.org\/{rel}","templated":true}]}}