{"id":4231,"date":"2017-09-05T22:57:19","date_gmt":"2017-09-05T20:57:19","guid":{"rendered":"http:\/\/vcca.fr\/wp\/?p=4231"},"modified":"2018-12-19T23:36:00","modified_gmt":"2018-12-19T22:36:00","slug":"belles-vacances-pour-les-coureurs-du-vcca","status":"publish","type":"post","link":"https:\/\/vcca.fr\/wp\/2017\/09\/05\/belles-vacances-pour-les-coureurs-du-vcca\/","title":{"rendered":"Belles vacances pour les coureurs du VCCA !"},"content":{"rendered":"<p align=\"JUSTIFY\">Les deux mois de l&rsquo;\u00e9t\u00e9 ont \u00e9t\u00e9, pour les coureurs du VCCA, souvent mis \u00e0 profit pour faire une coupure avant d&rsquo;aborder la fin de saison. Mais un certain nombre d&rsquo;entre eux sont partis \u00e0 la d\u00e9couverte des grands cols des Pyr\u00e9n\u00e9es ou des Alpes.<\/p>\n<p align=\"JUSTIFY\"><a href=\"http:\/\/www.elancia.fr\/mon-club-SALLE-DE-SPORT-A-COURNON-DAUVERGNE--CLERMONT-FERRAND-10.html\" rel=\"attachment wp-att-3681\"><img loading=\"lazy\" decoding=\"async\" class=\"size-full wp-image-3681 aligncenter\" src=\"https:\/\/vcca.fr\/wp\/wp-content\/uploads\/2015\/11\/logo_elancia.jpg\" alt=\"\" width=\"407\" height=\"158\" srcset=\"https:\/\/vcca.fr\/wp\/wp-content\/uploads\/2015\/11\/logo_elancia.jpg 407w, https:\/\/vcca.fr\/wp\/wp-content\/uploads\/2015\/11\/logo_elancia-300x116.jpg 300w\" sizes=\"auto, (max-width: 407px) 100vw, 407px\" \/><\/a><!--more--><\/p>\n<p align=\"JUSTIFY\">Les \u00ab\u00a0rouges\u00a0\u00bb se sont \u00e9galement lanc\u00e9s \u00e0 la conqu\u00eate du Cantal. Le minime Nohan Bernard s&rsquo;est ainsi class\u00e9 deuxi\u00e8me de la course d&rsquo;ouverture du crit\u00e9rium professionnel de Marcol\u00e8s. Anthony Voldoire, troisi\u00e8me \u00e0 Reilhac a termin\u00e9 deuxi\u00e8me du challenge de la vall\u00e9e de l&rsquo;Authre (3 \u00e9preuves). Mais\u00a0la palme revient \u00e0 Samuel Paslier qui a remport\u00e9 coup sur coup le grand prix de Naucelles puis celui du Bex d&rsquo;Ytrac.<\/p>\n<p align=\"JUSTIFY\">J\u00e9r\u00e9my Grangeversanne a, quant \u00e0 lui, multipli\u00e9 les places dans les dix premiers. La victoire devrait bient\u00f4t lui sourire \u00e0 nouveau.<\/p>\n<p align=\"JUSTIFY\">Le cadet Quentin Rigaud s&rsquo;est mesur\u00e9 \u00e0 ses a\u00een\u00e9s dans la mont\u00e9e chronom\u00e9tr\u00e9e du col de la Croix Morand. Il a \u00e9t\u00e9 r\u00e9compens\u00e9 de ses efforts par un magnifique troph\u00e9e.<br \/>\nLe VCCA organise, le samedi 9 septembre\u00a0une journ\u00e9e portes ouvertes\u00a0de 10h \u00e0 12h et de 14h \u00e0 17h \u200bdans son local de l&rsquo;avenue des Fusill\u00e9s de Vingr\u00e9. Renseignements compl\u00e9mentaires sur le site internet ou par tel au 06 82 01 03 87<\/p>\n<p align=\"JUSTIFY\">Article de Bernard Voldoire<\/p>\n","protected":false},"excerpt":{"rendered":"<p>Les deux mois de l&rsquo;\u00e9t\u00e9 ont \u00e9t\u00e9, pour les coureurs du VCCA, souvent mis \u00e0 profit pour faire une coupure avant d&rsquo;aborder la fin de saison. Mais un certain nombre d&rsquo;entre eux sont partis \u00e0 la d\u00e9couverte des grands cols des Pyr\u00e9n\u00e9es ou des Alpes.<\/p>\n","protected":false},"author":19,"featured_media":4233,"comment_status":"closed","ping_status":"open","sticky":false,"template":"","format":"standard","meta":{"footnotes":""},"categories":[1],"tags":[],"class_list":["post-4231","post","type-post","status-publish","format-standard","has-post-thumbnail","hentry","category-_mailpress_mailing_list_vcca"],"_links":{"self":[{"href":"https:\/\/vcca.fr\/wp\/wp-json\/wp\/v2\/posts\/4231","targetHints":{"allow":["GET"]}}],"collection":[{"href":"https:\/\/vcca.fr\/wp\/wp-json\/wp\/v2\/posts"}],"about":[{"href":"https:\/\/vcca.fr\/wp\/wp-json\/wp\/v2\/types\/post"}],"author":[{"embeddable":true,"href":"https:\/\/vcca.fr\/wp\/wp-json\/wp\/v2\/users\/19"}],"replies":[{"embeddable":true,"href":"https:\/\/vcca.fr\/wp\/wp-json\/wp\/v2\/comments?post=4231"}],"version-history":[{"count":4,"href":"https:\/\/vcca.fr\/wp\/wp-json\/wp\/v2\/posts\/4231\/revisions"}],"predecessor-version":[{"id":5042,"href":"https:\/\/vcca.fr\/wp\/wp-json\/wp\/v2\/posts\/4231\/revisions\/5042"}],"wp:featuredmedia":[{"embeddable":true,"href":"https:\/\/vcca.fr\/wp\/wp-json\/wp\/v2\/media\/4233"}],"wp:attachment":[{"href":"https:\/\/vcca.fr\/wp\/wp-json\/wp\/v2\/media?parent=4231"}],"wp:term":[{"taxonomy":"category","embeddable":true,"href":"https:\/\/vcca.fr\/wp\/wp-json\/wp\/v2\/categories?post=4231"},{"taxonomy":"post_tag","embeddable":true,"href":"https:\/\/vcca.fr\/wp\/wp-json\/wp\/v2\/tags?post=4231"}],"curies":[{"name":"wp","href":"https:\/\/api.w.org\/{rel}","templated":true}]}}