{"id":4326,"date":"2017-12-16T09:39:58","date_gmt":"2017-12-16T08:39:58","guid":{"rendered":"http:\/\/vcca.fr\/wp\/?p=4326"},"modified":"2018-12-19T23:29:38","modified_gmt":"2018-12-19T22:29:38","slug":"assemblee-generale-du-vcca","status":"publish","type":"post","link":"https:\/\/vcca.fr\/wp\/2017\/12\/16\/assemblee-generale-du-vcca\/","title":{"rendered":"Assembl\u00e9e G\u00e9n\u00e9rale du VCCA"},"content":{"rendered":"<p>La traditionnelle assembl\u00e9e g\u00e9n\u00e9rale du VCCA s&rsquo;est tenue le samedi 2 d\u00e9cembre, en pr\u00e9sence de Madame Mina Perrin, adjointe d\u00e9l\u00e9gu\u00e9e aux sports\u200b. Elle a permis \u00e0 son pr\u00e9sident, Pierre Delcourt de faire le point sur la saison pass\u00e9e.<br \/>\n<a href=\"https:\/\/www.facebook.com\/autopiecesauvergne\/?fref=ts\" rel=\"attachment wp-att-3698\"><img loading=\"lazy\" decoding=\"async\" class=\"size-full wp-image-3698 aligncenter\" src=\"https:\/\/vcca.fr\/wp\/wp-content\/uploads\/2016\/11\/logo_petit_autopieces.gif\" alt=\"\" width=\"245\" height=\"80\" \/><\/a><!--more--> Avec ses 130 licenci\u00e9s, le club poss\u00e8de un tr\u00e8s bel effectif de 101 coureurs (dont 44 de moins de 18 ans) dirigeants et b\u00e9n\u00e9voles. Parmi les coursiers, outre 9 f\u00e9minines, on peut noter la pr\u00e9sence des deux professionnels de tr\u00e8s haut niveau que sont R\u00e9mi Cavagna et Julian Alaphilippe.<a href=\"http:\/\/laboutiquedumenuisier.fr\/boutiques\/clermont-ferr&lt;script type=\"><br \/>\n<img loading=\"lazy\" decoding=\"async\" class=\"size-full wp-image-3142 aligncenter\" src=\"https:\/\/vcca.fr\/wp\/wp-content\/uploads\/2015\/11\/logoarti2000.jpg\" alt=\"\" width=\"300\" height=\"180\" \/><\/a> Avec 23\u200b organisations, le VCCA se situe \u00e0 la premi\u00e8re place des clubs auvergnats. Deux nouvelles \u00e9preuves, et surtout le championnat Auvergne-Rh\u00f4ne-Alpes, devraient l&rsquo;an prochain s&rsquo;ajouter \u00e0 ce nombre d\u00e9j\u00e0 important.<\/p>\n<p><a href=\"https:\/\/vcca.fr\/wp\/faites-confiance-aux-partenaires-du-loto-du-vcca\/materiel-velo-4\/\" rel=\"attachment wp-att-3682\"><img loading=\"lazy\" decoding=\"async\" class=\"size-full wp-image-3682 aligncenter\" src=\"https:\/\/vcca.fr\/wp\/wp-content\/uploads\/2015\/11\/materiel-velo-e1478903359475.jpg\" alt=\"\" width=\"200\" height=\"144\" \/><\/a><br \/>\n38 victoires pour le VCCA formations et 40 pour la section \u00ab\u00a0Pro immo\u00a0\u00bb, 7 titres de champion d&rsquo;Auvergne dans diverses cat\u00e9gories de route et piste, voil\u00e0 un bilan qui est plus qu&rsquo;honorable et qui a valu au club d&rsquo;\u00eatre class\u00e9 \u00e0 la quatri\u00e8me place des clubs fran\u00e7ais par direct v\u00e9lo, la r\u00e9f\u00e9rence du cyclisme amateur.<a href=\"https:\/\/www.ca-centrefrance.fr\/\" rel=\"attachment wp-att-1049\"><img loading=\"lazy\" decoding=\"async\" class=\"size-full wp-image-1049 aligncenter\" src=\"https:\/\/vcca.fr\/wp\/wp-content\/uploads\/2013\/02\/credit-agricole.gif\" alt=\"\" width=\"53\" height=\"65\" \/><\/a>Apr\u00e8s la pr\u00e9sentation des comptes par la tr\u00e9sori\u00e8re Martine Cheynoux, les interventions de divers partenaires, et l&rsquo;\u00e9lection des nouveaux membres du bureau (Emma Meunier, Christian Barth, Jacques Ladevie et Corinne Martin), la r\u00e9union s&rsquo;est achev\u00e9e par la remise des r\u00e9compenses orchestr\u00e9e \u200bpar Anthony Voldoire\u200b et Patrick Bulidon\u200b suivi d&rsquo;un ap\u00e9ritif dinatoire pr\u00e9par\u00e9 par des b\u00e9n\u00e9voles du club.<br \/>\nVoir l&rsquo;article de V\u00e9loRacingNews<a href=\"http:\/\/www.veloracingnews.fr\/professionnels\/le-vc-cournon-auvergne-et-le-team-pro-immo-nicolas-roux-en-assemblee-generale\/\">\u00a0http:\/\/www.veloracingnews.fr\/professionnels\/le-vc-cournon-auvergne-et-le-team-pro-immo-nicolas-roux-en-assemblee-generale\/<\/a><\/p>\n<div class=\"gmail_default\"><\/div>\n<div class=\"gmail_default\"><\/div>\n","protected":false},"excerpt":{"rendered":"<p>La traditionnelle assembl\u00e9e g\u00e9n\u00e9rale du VCCA s&rsquo;est tenue le samedi 2 d\u00e9cembre, en pr\u00e9sence de Madame Mina Perrin, adjointe d\u00e9l\u00e9gu\u00e9e aux sports\u200b. Elle a permis \u00e0 son pr\u00e9sident, Pierre Delcourt de faire le point sur la saison pass\u00e9e.<\/p>\n","protected":false},"author":19,"featured_media":4328,"comment_status":"closed","ping_status":"open","sticky":false,"template":"","format":"standard","meta":{"footnotes":""},"categories":[9,1],"tags":[],"class_list":["post-4326","post","type-post","status-publish","format-standard","has-post-thumbnail","hentry","category-cadets","category-_mailpress_mailing_list_vcca"],"_links":{"self":[{"href":"https:\/\/vcca.fr\/wp\/wp-json\/wp\/v2\/posts\/4326","targetHints":{"allow":["GET"]}}],"collection":[{"href":"https:\/\/vcca.fr\/wp\/wp-json\/wp\/v2\/posts"}],"about":[{"href":"https:\/\/vcca.fr\/wp\/wp-json\/wp\/v2\/types\/post"}],"author":[{"embeddable":true,"href":"https:\/\/vcca.fr\/wp\/wp-json\/wp\/v2\/users\/19"}],"replies":[{"embeddable":true,"href":"https:\/\/vcca.fr\/wp\/wp-json\/wp\/v2\/comments?post=4326"}],"version-history":[{"count":6,"href":"https:\/\/vcca.fr\/wp\/wp-json\/wp\/v2\/posts\/4326\/revisions"}],"predecessor-version":[{"id":5036,"href":"https:\/\/vcca.fr\/wp\/wp-json\/wp\/v2\/posts\/4326\/revisions\/5036"}],"wp:featuredmedia":[{"embeddable":true,"href":"https:\/\/vcca.fr\/wp\/wp-json\/wp\/v2\/media\/4328"}],"wp:attachment":[{"href":"https:\/\/vcca.fr\/wp\/wp-json\/wp\/v2\/media?parent=4326"}],"wp:term":[{"taxonomy":"category","embeddable":true,"href":"https:\/\/vcca.fr\/wp\/wp-json\/wp\/v2\/categories?post=4326"},{"taxonomy":"post_tag","embeddable":true,"href":"https:\/\/vcca.fr\/wp\/wp-json\/wp\/v2\/tags?post=4326"}],"curies":[{"name":"wp","href":"https:\/\/api.w.org\/{rel}","templated":true}]}}