{"id":6720,"date":"2021-01-18T19:03:50","date_gmt":"2021-01-18T18:03:50","guid":{"rendered":"http:\/\/vcca.fr\/wp\/?page_id=6720"},"modified":"2025-01-16T22:09:57","modified_gmt":"2025-01-16T21:09:57","slug":"eric-cochois","status":"publish","type":"post","link":"https:\/\/vcca.fr\/wp\/2021\/01\/18\/eric-cochois\/","title":{"rendered":"Eric COCHOIS"},"content":{"rendered":"\n<figure class=\"wp-block-table\"><table><tbody><tr><td><strong>Date de naissance<\/strong><\/td><\/tr><tr><td>30\/05\/1960<\/td><\/tr><\/tbody><\/table><\/figure>\n\n\n\n<figure class=\"wp-block-table\"><table><tbody><tr><td><strong>Commune<\/strong><\/td><\/tr><tr><td>COURNON D AUVERGNE<\/td><\/tr><\/tbody><\/table><\/figure>\n\n\n\n<figure class=\"wp-block-table\"><table><tbody><tr><td><strong>Lieu de naissance<\/strong><\/td><\/tr><tr><td>Paris<\/td><\/tr><\/tbody><\/table><\/figure>\n\n\n\n<figure class=\"wp-block-table\"><table><tbody><tr><td><strong>Depuis combien de temps es tu au VCCA ?<\/strong><\/td><\/tr><tr><td>3 ans<\/td><\/tr><\/tbody><\/table><\/figure>\n\n\n\n<figure class=\"wp-block-table\"><table><tbody><tr><td><strong>Pourquoi as tu choisi le VCCA ? (plusieurs choix possible)<\/strong><\/td><\/tr><tr><td>C&rsquo;est pr\u00e8s de chez moi<\/td><\/tr><\/tbody><\/table><\/figure>\n\n\n\n<figure class=\"wp-block-table\"><table><tbody><tr><td><strong>Cat\u00e9gorie 2021<\/strong><\/td><\/tr><tr><td>Dirigeant<\/td><\/tr><\/tbody><\/table><\/figure>\n\n\n\n<figure class=\"wp-block-table\"><table><tbody><tr><td><strong>Que fais-tu dans la vie ? travail, \u00e9cole &#8230;<\/strong><\/td><\/tr><tr><td>retrait\u00e9<\/td><\/tr><\/tbody><\/table><\/figure>\n\n\n\n<figure class=\"wp-block-table\"><table><tbody><tr><td><strong>Ton coureur cycliste pr\u00e9f\u00e9r\u00e9 ?<\/strong><\/td><\/tr><tr><td>Peter Sagan<\/td><\/tr><\/tbody><\/table><\/figure>\n\n\n\n<figure class=\"wp-block-table\"><table><tbody><tr><td><strong>Ton meilleur souvenir \u00e0 v\u00e9lo ?<\/strong><\/td><\/tr><tr><td>Mes vacances l&rsquo;\u00e9t\u00e9 1997<\/td><\/tr><\/tbody><\/table><\/figure>\n\n\n\n<figure class=\"wp-block-table\"><table><tbody><tr><td><strong>Ta chanson et\/ou Ton film pr\u00e9f\u00e9r\u00e9 ?<\/strong><\/td><\/tr><tr><td>Quand on a que l&rsquo;amour de Jacques Brel<\/td><\/tr><\/tbody><\/table><\/figure>\n\n\n\n<figure class=\"wp-block-table\"><table><tbody><tr><td><strong>Tes passions en dehors du v\u00e9lo ?<\/strong><\/td><\/tr><tr><td>La moto, la course a pied, la cuisine, les soir\u00e9es entre amis.<\/td><\/tr><\/tbody><\/table><\/figure>\n\n\n\n<figure class=\"wp-block-table\"><table><tbody><tr><td><strong>Quels sont tes souhaits pour cette ann\u00e9e ?<\/strong><\/td><\/tr><tr><td>La fin de la pand\u00e9mie et le retour a une vie normale.<\/td><\/tr><\/tbody><\/table><\/figure>\n","protected":false},"excerpt":{"rendered":"<p>Date de naissance 30\/05\/1960 Commune COURNON D AUVERGNE Lieu de naissance Paris Depuis combien de temps es tu au VCCA ? 3 ans Pourquoi as tu choisi le VCCA ? (plusieurs choix possible) C&rsquo;est pr\u00e8s de chez moi Cat\u00e9gorie 2021 Dirigeant Que fais-tu dans la vie ? travail, \u00e9cole &#8230; retrait\u00e9 Ton coureur cycliste pr\u00e9f\u00e9r\u00e9 &hellip; <a href=\"https:\/\/vcca.fr\/wp\/2021\/01\/18\/eric-cochois\/\" class=\"more-link\">Continuer la lecture de <span class=\"screen-reader-text\">Eric COCHOIS<\/span>  <span class=\"meta-nav\">&rarr;<\/span><\/a><\/p>\n","protected":false},"author":19,"featured_media":6721,"comment_status":"closed","ping_status":"closed","sticky":false,"template":"","format":"standard","meta":{"footnotes":""},"categories":[50],"tags":[],"class_list":["post-6720","post","type-post","status-publish","format-standard","has-post-thumbnail","hentry","category-interviews"],"_links":{"self":[{"href":"https:\/\/vcca.fr\/wp\/wp-json\/wp\/v2\/posts\/6720","targetHints":{"allow":["GET"]}}],"collection":[{"href":"https:\/\/vcca.fr\/wp\/wp-json\/wp\/v2\/posts"}],"about":[{"href":"https:\/\/vcca.fr\/wp\/wp-json\/wp\/v2\/types\/post"}],"author":[{"embeddable":true,"href":"https:\/\/vcca.fr\/wp\/wp-json\/wp\/v2\/users\/19"}],"replies":[{"embeddable":true,"href":"https:\/\/vcca.fr\/wp\/wp-json\/wp\/v2\/comments?post=6720"}],"version-history":[{"count":2,"href":"https:\/\/vcca.fr\/wp\/wp-json\/wp\/v2\/posts\/6720\/revisions"}],"predecessor-version":[{"id":6748,"href":"https:\/\/vcca.fr\/wp\/wp-json\/wp\/v2\/posts\/6720\/revisions\/6748"}],"wp:featuredmedia":[{"embeddable":true,"href":"https:\/\/vcca.fr\/wp\/wp-json\/wp\/v2\/media\/6721"}],"wp:attachment":[{"href":"https:\/\/vcca.fr\/wp\/wp-json\/wp\/v2\/media?parent=6720"}],"wp:term":[{"taxonomy":"category","embeddable":true,"href":"https:\/\/vcca.fr\/wp\/wp-json\/wp\/v2\/categories?post=6720"},{"taxonomy":"post_tag","embeddable":true,"href":"https:\/\/vcca.fr\/wp\/wp-json\/wp\/v2\/tags?post=6720"}],"curies":[{"name":"wp","href":"https:\/\/api.w.org\/{rel}","templated":true}]}}