{"id":6764,"date":"2021-02-09T17:00:00","date_gmt":"2021-02-09T16:00:00","guid":{"rendered":"http:\/\/vcca.fr\/wp\/?page_id=6764"},"modified":"2022-01-30T22:06:18","modified_gmt":"2022-01-30T21:06:18","slug":"marie-catherine-parant","status":"publish","type":"post","link":"https:\/\/vcca.fr\/wp\/2021\/02\/09\/marie-catherine-parant\/","title":{"rendered":"Marie-Catherine PARANT"},"content":{"rendered":"\n<figure class=\"wp-block-table\"><table><tbody><tr><td><strong>Surnom<\/strong><\/td><\/tr><tr><td>Marie-Cath<\/td><\/tr><\/tbody><\/table><\/figure>\n\n\n\n<figure class=\"wp-block-table\"><table><tbody><tr><td><strong>Date de naissance<\/strong><\/td><\/tr><tr><td>09\/08\/1965<\/td><\/tr><\/tbody><\/table><\/figure>\n\n\n\n<figure class=\"wp-block-table\"><table><tbody><tr><td><strong>Commune<\/strong><\/td><\/tr><tr><td>Clermont-Ferrand<\/td><\/tr><\/tbody><\/table><\/figure>\n\n\n\n<figure class=\"wp-block-table\"><table><tbody><tr><td><strong>Lieu de naissance<\/strong><\/td><\/tr><tr><td>Clermont-Ferrand<\/td><\/tr><\/tbody><\/table><\/figure>\n\n\n\n<figure class=\"wp-block-table\"><table><tbody><tr><td><strong>Depuis combien de temps es tu au VCCA ?<\/strong><\/td><\/tr><tr><td>Premi\u00e8re ann\u00e9e<\/td><\/tr><\/tbody><\/table><\/figure>\n\n\n\n<figure class=\"wp-block-table\"><table><tbody><tr><td><strong>Pourquoi as tu choisi le VCCA ? <\/strong><\/td><\/tr><tr><td>Sur les conseils de quelqu&rsquo;un<\/td><\/tr><\/tbody><\/table><\/figure>\n\n\n\n<figure class=\"wp-block-table\"><table><tbody><tr><td><strong>Cat\u00e9gorie 2021<\/strong><\/td><\/tr><tr><td>Dirigeant<\/td><\/tr><\/tbody><\/table><\/figure>\n\n\n\n<figure class=\"wp-block-table\"><table><tbody><tr><td><strong>Que fais-tu dans la vie ? travail, \u00e9cole &#8230;<\/strong><\/td><\/tr><tr><td>Administratif au service informatique de La Montagne<\/td><\/tr><\/tbody><\/table><\/figure>\n\n\n\n<figure class=\"wp-block-table\"><table><tbody><tr><td><strong>Ton coureur cycliste pr\u00e9f\u00e9r\u00e9 ?<\/strong><\/td><\/tr><tr><td>Pauline Ferrand Pr\u00e9vot<\/td><\/tr><\/tbody><\/table><\/figure>\n\n\n\n<figure class=\"wp-block-table\"><table><tbody><tr><td><strong>Ton meilleur souvenir \u00e0 v\u00e9lo ?<\/strong><\/td><\/tr><tr><td>Quand j&rsquo;arr\u00eate !<\/td><\/tr><\/tbody><\/table><\/figure>\n\n\n\n<figure class=\"wp-block-table\"><table><tbody><tr><td><strong>Ta chanson et\/ou Ton film pr\u00e9f\u00e9r\u00e9 ?<\/strong><\/td><\/tr><tr><td>Bohemian Rhapsody<\/td><\/tr><\/tbody><\/table><\/figure>\n\n\n\n<figure class=\"wp-block-table\"><table><tbody><tr><td><strong>Tes passions en dehors du v\u00e9lo ?<\/strong><\/td><\/tr><tr><td>Mes amis<\/td><\/tr><\/tbody><\/table><\/figure>\n\n\n\n<figure class=\"wp-block-table\"><table><tbody><tr><td><strong>Quels sont tes souhaits pour cette ann\u00e9e ?<\/strong><\/td><\/tr><tr><td>Un vaccin pour le plus grand nombre et une ann\u00e9e la plus normale possible pour tous.<\/td><\/tr><\/tbody><\/table><\/figure>\n\n\n\n<p>Propos recueillis le 9 f\u00e9vrier 2021<\/p>\n","protected":false},"excerpt":{"rendered":"<p>Surnom Marie-Cath Date de naissance 09\/08\/1965 Commune Clermont-Ferrand Lieu de naissance Clermont-Ferrand Depuis combien de temps es tu au VCCA ? Premi\u00e8re ann\u00e9e Pourquoi as tu choisi le VCCA ? Sur les conseils de quelqu&rsquo;un Cat\u00e9gorie 2021 Dirigeant Que fais-tu dans la vie ? travail, \u00e9cole &#8230; Administratif au service informatique de La Montagne Ton &hellip; <a href=\"https:\/\/vcca.fr\/wp\/2021\/02\/09\/marie-catherine-parant\/\" class=\"more-link\">Continuer la lecture de <span class=\"screen-reader-text\">Marie-Catherine PARANT<\/span>  <span class=\"meta-nav\">&rarr;<\/span><\/a><\/p>\n","protected":false},"author":19,"featured_media":6765,"comment_status":"closed","ping_status":"closed","sticky":false,"template":"","format":"standard","meta":{"footnotes":""},"categories":[50],"tags":[],"class_list":["post-6764","post","type-post","status-publish","format-standard","has-post-thumbnail","hentry","category-interviews"],"_links":{"self":[{"href":"https:\/\/vcca.fr\/wp\/wp-json\/wp\/v2\/posts\/6764","targetHints":{"allow":["GET"]}}],"collection":[{"href":"https:\/\/vcca.fr\/wp\/wp-json\/wp\/v2\/posts"}],"about":[{"href":"https:\/\/vcca.fr\/wp\/wp-json\/wp\/v2\/types\/post"}],"author":[{"embeddable":true,"href":"https:\/\/vcca.fr\/wp\/wp-json\/wp\/v2\/users\/19"}],"replies":[{"embeddable":true,"href":"https:\/\/vcca.fr\/wp\/wp-json\/wp\/v2\/comments?post=6764"}],"version-history":[{"count":4,"href":"https:\/\/vcca.fr\/wp\/wp-json\/wp\/v2\/posts\/6764\/revisions"}],"predecessor-version":[{"id":7970,"href":"https:\/\/vcca.fr\/wp\/wp-json\/wp\/v2\/posts\/6764\/revisions\/7970"}],"wp:featuredmedia":[{"embeddable":true,"href":"https:\/\/vcca.fr\/wp\/wp-json\/wp\/v2\/media\/6765"}],"wp:attachment":[{"href":"https:\/\/vcca.fr\/wp\/wp-json\/wp\/v2\/media?parent=6764"}],"wp:term":[{"taxonomy":"category","embeddable":true,"href":"https:\/\/vcca.fr\/wp\/wp-json\/wp\/v2\/categories?post=6764"},{"taxonomy":"post_tag","embeddable":true,"href":"https:\/\/vcca.fr\/wp\/wp-json\/wp\/v2\/tags?post=6764"}],"curies":[{"name":"wp","href":"https:\/\/api.w.org\/{rel}","templated":true}]}}