{"id":7247,"date":"2021-05-17T22:27:21","date_gmt":"2021-05-17T20:27:21","guid":{"rendered":"http:\/\/vcca.fr\/wp\/?page_id=7247"},"modified":"2022-01-30T21:28:25","modified_gmt":"2022-01-30T20:28:25","slug":"arnaud-bergeron","status":"publish","type":"post","link":"https:\/\/vcca.fr\/wp\/2021\/05\/17\/arnaud-bergeron\/","title":{"rendered":"Arnaud BERGERON"},"content":{"rendered":"\n<figure class=\"wp-block-table\"><table><tbody><tr><td><strong>Date de naissance<\/strong><\/td><\/tr><tr><td>06 08 1972<\/td><\/tr><\/tbody><\/table><\/figure>\n\n\n\n<figure class=\"wp-block-table\"><table><tbody><tr><td><strong>Commune<\/strong><\/td><\/tr><tr><td>DOMERAT<\/td><\/tr><\/tbody><\/table><\/figure>\n\n\n\n<figure class=\"wp-block-table\"><table><tbody><tr><td><strong>Lieu de naissance<\/strong><\/td><\/tr><tr><td>Gu\u00e9ret<\/td><\/tr><\/tbody><\/table><\/figure>\n\n\n\n<figure class=\"wp-block-table\"><table><tbody><tr><td><strong>Depuis combien de temps es tu au VCCA ?<\/strong><\/td><\/tr><tr><td>Ma 2\u00e8me ann\u00e9e<\/td><\/tr><\/tbody><\/table><\/figure>\n\n\n\n<figure class=\"wp-block-table\"><table><tbody><tr><td><strong>Pourquoi as tu choisi le VCCA ? (plusieurs choix possible)<\/strong><\/td><\/tr><tr><td>Pour rejoindre le Team Pro Immo<\/td><\/tr><\/tbody><\/table><\/figure>\n\n\n\n<figure class=\"wp-block-table\"><table><tbody><tr><td><strong>Cat\u00e9gorie 2021<\/strong><\/td><\/tr><tr><td>Dirigeant<\/td><\/tr><\/tbody><\/table><\/figure>\n\n\n\n<figure class=\"wp-block-table\"><table><tbody><tr><td><strong>Que fais-tu dans la vie ? travail, \u00e9cole &#8230;<\/strong><\/td><\/tr><tr><td>Je travail sur des machines \u00e0 commande num\u00e9rique<\/td><\/tr><\/tbody><\/table><\/figure>\n\n\n\n<figure class=\"wp-block-table\"><table><tbody><tr><td><strong>Ton coureur cycliste pr\u00e9f\u00e9r\u00e9 ?<\/strong><\/td><\/tr><tr><td>Julian Alaphilippe<\/td><\/tr><\/tbody><\/table><\/figure>\n\n\n\n<figure class=\"wp-block-table\"><table><tbody><tr><td><strong>Ton meilleur souvenir \u00e0 v\u00e9lo ?<\/strong><\/td><\/tr><tr><td>Le tour du Burkina Faso avec l&rsquo;\u00e9quipe du Limousin.<br \/>Et mes ann\u00e9es Clermont Communaut\u00e9 en DN2 et l&rsquo;\u00e9quipe Montmarault Montlu\u00e7on.<br \/>Sans oublier mon club de c\u0153ur C C Mainsat Evaux qui m&rsquo;a lanc\u00e9 dans ma petite carri\u00e8re.<\/td><\/tr><\/tbody><\/table><\/figure>\n\n\n\n<figure class=\"wp-block-table\"><table><tbody><tr><td><strong>Ta chanson et\/ou Ton film pr\u00e9f\u00e9r\u00e9 ?<\/strong><\/td><\/tr><tr><td>Film de Belmondo et De Funes<\/td><\/tr><\/tbody><\/table><\/figure>\n\n\n\n<figure class=\"wp-block-table\"><table><tbody><tr><td><strong>Tes passions en dehors du v\u00e9lo ?<\/strong><\/td><\/tr><tr><td>La Musique car je suis musicien dans mes temps perdu.<\/td><\/tr><\/tbody><\/table><\/figure>\n\n\n\n<figure class=\"wp-block-table\"><table><tbody><tr><td><strong>Quels sont tes souhaits pour cette ann\u00e9e ?<\/strong><\/td><\/tr><tr><td>Que l&rsquo;\u00e9quipe nous fasse r\u00eaver avec de belle victoires.<br \/>Et j&rsquo;esp\u00e8re que 2021 sera plus simple que 2020 avec la crise sanitaire<\/td><\/tr><\/tbody><\/table><\/figure>\n\n\n\n<p>Propos recueilli le 16 mai 2021<\/p>\n","protected":false},"excerpt":{"rendered":"<p>Date de naissance 06 08 1972 Commune DOMERAT Lieu de naissance Gu\u00e9ret Depuis combien de temps es tu au VCCA ? Ma 2\u00e8me ann\u00e9e Pourquoi as tu choisi le VCCA ? (plusieurs choix possible) Pour rejoindre le Team Pro Immo Cat\u00e9gorie 2021 Dirigeant Que fais-tu dans la vie ? travail, \u00e9cole &#8230; Je travail sur &hellip; <a href=\"https:\/\/vcca.fr\/wp\/2021\/05\/17\/arnaud-bergeron\/\" class=\"more-link\">Continuer la lecture de <span class=\"screen-reader-text\">Arnaud BERGERON<\/span>  <span class=\"meta-nav\">&rarr;<\/span><\/a><\/p>\n","protected":false},"author":19,"featured_media":7244,"comment_status":"closed","ping_status":"closed","sticky":false,"template":"","format":"standard","meta":{"footnotes":""},"categories":[50],"tags":[],"class_list":["post-7247","post","type-post","status-publish","format-standard","has-post-thumbnail","hentry","category-interviews"],"_links":{"self":[{"href":"https:\/\/vcca.fr\/wp\/wp-json\/wp\/v2\/posts\/7247","targetHints":{"allow":["GET"]}}],"collection":[{"href":"https:\/\/vcca.fr\/wp\/wp-json\/wp\/v2\/posts"}],"about":[{"href":"https:\/\/vcca.fr\/wp\/wp-json\/wp\/v2\/types\/post"}],"author":[{"embeddable":true,"href":"https:\/\/vcca.fr\/wp\/wp-json\/wp\/v2\/users\/19"}],"replies":[{"embeddable":true,"href":"https:\/\/vcca.fr\/wp\/wp-json\/wp\/v2\/comments?post=7247"}],"version-history":[{"count":2,"href":"https:\/\/vcca.fr\/wp\/wp-json\/wp\/v2\/posts\/7247\/revisions"}],"predecessor-version":[{"id":7959,"href":"https:\/\/vcca.fr\/wp\/wp-json\/wp\/v2\/posts\/7247\/revisions\/7959"}],"wp:featuredmedia":[{"embeddable":true,"href":"https:\/\/vcca.fr\/wp\/wp-json\/wp\/v2\/media\/7244"}],"wp:attachment":[{"href":"https:\/\/vcca.fr\/wp\/wp-json\/wp\/v2\/media?parent=7247"}],"wp:term":[{"taxonomy":"category","embeddable":true,"href":"https:\/\/vcca.fr\/wp\/wp-json\/wp\/v2\/categories?post=7247"},{"taxonomy":"post_tag","embeddable":true,"href":"https:\/\/vcca.fr\/wp\/wp-json\/wp\/v2\/tags?post=7247"}],"curies":[{"name":"wp","href":"https:\/\/api.w.org\/{rel}","templated":true}]}}