{"id":7936,"date":"2021-07-15T22:09:00","date_gmt":"2021-07-15T20:09:00","guid":{"rendered":"http:\/\/vcca.fr\/wp\/?p=7936"},"modified":"2022-01-29T22:18:29","modified_gmt":"2022-01-29T21:18:29","slug":"yannick-bayle-auto-pieces-auvergne","status":"publish","type":"post","link":"https:\/\/vcca.fr\/wp\/2021\/07\/15\/yannick-bayle-auto-pieces-auvergne\/","title":{"rendered":"Yannick BAYLE (AUTO PIECES AUVERGNE)"},"content":{"rendered":"\n<figure class=\"wp-block-table\"><table><tbody><tr><td><strong>Nom et adresse de votre entreprise :<\/strong><\/td><\/tr><tr><td>AUTO PIECES AUVERGNE<br \/>3route du Cendre 63800 Cournon<br \/>ZAC Le Chapeau Rouge 63500 Le Broc<\/td><\/tr><\/tbody><\/table><\/figure>\n\n\n\n<figure class=\"wp-block-table\"><table><tbody><tr><td><strong>Date de cr\u00e9ation<\/strong><\/td><\/tr><tr><td>12\/05\/2014<\/td><\/tr><\/tbody><\/table><\/figure>\n\n\n\n<figure class=\"wp-block-table\"><table><tbody><tr><td><strong>Pouvez-vous nous pr\u00e9senter votre entreprise ?<\/strong><\/td><\/tr><tr><td>Vente de pi\u00e8ces de rechange automobile de qualit\u00e9 \u00e9quivalente \u00e0 l&rsquo;origine. Vente de d&rsquo;outillage et d&rsquo;accessoires. Accueil et conseil personnalis\u00e9 pour notre client\u00e8le.<\/td><\/tr><\/tbody><\/table><\/figure>\n\n\n\n<figure class=\"wp-block-table\"><table><tbody><tr><td><strong>Site Internet<\/strong><\/td><\/tr><tr><td><a href=\"http:\/\/www.autopiecesauvergne.com\/\" rel=\"noreferrer noopener\" target=\"_blank\">http:\/\/www.autopiecesauvergne.com<\/a><\/td><\/tr><\/tbody><\/table><\/figure>\n\n\n\n<figure class=\"wp-block-table\"><table><tbody><tr><td><strong>Page Facebook<\/strong><\/td><\/tr><tr><td>Auto Pi\u00e8ces Auvergne<\/td><\/tr><\/tbody><\/table><\/figure>\n\n\n\n<figure class=\"wp-block-table\"><table><tbody><tr><td><strong>Pourquoi sponsoriser le VCCA ?<\/strong><\/td><\/tr><tr><td>En premier lieu pour aider une association locale. D&rsquo;autre part, le v\u00e9lo porte de belles valeurs comme le go\u00fbt de l&rsquo;effort, l&rsquo;esprit d&rsquo;\u00e9quipe, et la comp\u00e9tition. Enfin l&rsquo;engagement g\u00e9n\u00e9ral du club dans ses diverses organisations et les relations avec b\u00e9n\u00e9voles et dirigeants m&rsquo;apportent enti\u00e8re satisfaction, ce qui me donne envie de reste partenaire pour les ann\u00e9es \u00e0 venir.<\/td><\/tr><\/tbody><\/table><\/figure>\n\n\n\n<figure class=\"wp-block-table\"><table><tbody><tr><td><strong>Que souhaitez-vous pour cette ann\u00e9e ?<\/strong><\/td><\/tr><tr><td>Un retour \u00e0 la \u00ab\u00a0normal\u00a0\u00bb pour pouvoir de nouveau se retrouver \u00e0 l&rsquo;occasion de courses ou \u00e9v\u00e8nements ludiques.<\/td><\/tr><\/tbody><\/table><\/figure>\n\n\n\n<figure class=\"wp-block-image size-large\"><a href=\"https:\/\/vcca.fr\/wp\/wp-content\/uploads\/2021\/06\/IMG_3900-scaled.jpg\"><img loading=\"lazy\" decoding=\"async\" width=\"1024\" height=\"683\" src=\"https:\/\/vcca.fr\/wp\/wp-content\/uploads\/2021\/06\/IMG_3900-1024x683.jpg\" alt=\"\" class=\"wp-image-7369\" srcset=\"https:\/\/vcca.fr\/wp\/wp-content\/uploads\/2021\/06\/IMG_3900-1024x683.jpg 1024w, https:\/\/vcca.fr\/wp\/wp-content\/uploads\/2021\/06\/IMG_3900-300x200.jpg 300w, https:\/\/vcca.fr\/wp\/wp-content\/uploads\/2021\/06\/IMG_3900-768x512.jpg 768w, https:\/\/vcca.fr\/wp\/wp-content\/uploads\/2021\/06\/IMG_3900-1536x1024.jpg 1536w, https:\/\/vcca.fr\/wp\/wp-content\/uploads\/2021\/06\/IMG_3900-2048x1366.jpg 2048w\" sizes=\"auto, (max-width: 1024px) 100vw, 1024px\" \/><\/a><\/figure>\n\n\n\n<p><em>Propos recueillis le 17 juin 2021<\/em><\/p>\n","protected":false},"excerpt":{"rendered":"<p>Nom et adresse de votre entreprise : AUTO PIECES AUVERGNE3route du Cendre 63800 CournonZAC Le Chapeau Rouge 63500 Le Broc Date de cr\u00e9ation 12\/05\/2014 Pouvez-vous nous pr\u00e9senter votre entreprise ? Vente de pi\u00e8ces de rechange automobile de qualit\u00e9 \u00e9quivalente \u00e0 l&rsquo;origine. Vente de d&rsquo;outillage et d&rsquo;accessoires. Accueil et conseil personnalis\u00e9 pour notre client\u00e8le. Site Internet &hellip; <a href=\"https:\/\/vcca.fr\/wp\/2021\/07\/15\/yannick-bayle-auto-pieces-auvergne\/\" class=\"more-link\">Continuer la lecture de <span class=\"screen-reader-text\">Yannick BAYLE (AUTO PIECES AUVERGNE)<\/span>  <span class=\"meta-nav\">&rarr;<\/span><\/a><\/p>\n","protected":false},"author":19,"featured_media":7366,"comment_status":"closed","ping_status":"open","sticky":false,"template":"","format":"standard","meta":{"footnotes":""},"categories":[50],"tags":[],"class_list":["post-7936","post","type-post","status-publish","format-standard","has-post-thumbnail","hentry","category-interviews"],"_links":{"self":[{"href":"https:\/\/vcca.fr\/wp\/wp-json\/wp\/v2\/posts\/7936","targetHints":{"allow":["GET"]}}],"collection":[{"href":"https:\/\/vcca.fr\/wp\/wp-json\/wp\/v2\/posts"}],"about":[{"href":"https:\/\/vcca.fr\/wp\/wp-json\/wp\/v2\/types\/post"}],"author":[{"embeddable":true,"href":"https:\/\/vcca.fr\/wp\/wp-json\/wp\/v2\/users\/19"}],"replies":[{"embeddable":true,"href":"https:\/\/vcca.fr\/wp\/wp-json\/wp\/v2\/comments?post=7936"}],"version-history":[{"count":2,"href":"https:\/\/vcca.fr\/wp\/wp-json\/wp\/v2\/posts\/7936\/revisions"}],"predecessor-version":[{"id":7939,"href":"https:\/\/vcca.fr\/wp\/wp-json\/wp\/v2\/posts\/7936\/revisions\/7939"}],"wp:featuredmedia":[{"embeddable":true,"href":"https:\/\/vcca.fr\/wp\/wp-json\/wp\/v2\/media\/7366"}],"wp:attachment":[{"href":"https:\/\/vcca.fr\/wp\/wp-json\/wp\/v2\/media?parent=7936"}],"wp:term":[{"taxonomy":"category","embeddable":true,"href":"https:\/\/vcca.fr\/wp\/wp-json\/wp\/v2\/categories?post=7936"},{"taxonomy":"post_tag","embeddable":true,"href":"https:\/\/vcca.fr\/wp\/wp-json\/wp\/v2\/tags?post=7936"}],"curies":[{"name":"wp","href":"https:\/\/api.w.org\/{rel}","templated":true}]}}