{"id":8278,"date":"2022-04-23T18:52:30","date_gmt":"2022-04-23T16:52:30","guid":{"rendered":"https:\/\/vcca.fr\/wp\/?p=8278"},"modified":"2022-05-08T18:15:23","modified_gmt":"2022-05-08T16:15:23","slug":"litw-daxel-vandermersch","status":"publish","type":"post","link":"https:\/\/vcca.fr\/wp\/2022\/04\/23\/litw-daxel-vandermersch\/","title":{"rendered":"L&rsquo;ITW d&rsquo;Axel VANDERMERSCH"},"content":{"rendered":"\n<p>C&rsquo;est la deuxi\u00e8me saison d&rsquo;Axel au sein du V\u00e9lo Club Cournon d&rsquo;Auvergne. Il progresse \u00e0 grand pas et il devrait bient\u00f4t faire des top 10 et pourquoi des podiums, d\u00e9couvrez l&rsquo;interview d&rsquo;Axel Vandermersch<\/p>\n\n\n\n<!--more-->\n\n\n\n<figure class=\"wp-block-table\"><table><tbody><tr><td><strong>Date de naissance<\/strong><\/td><\/tr><tr><td>10\/12\/2007<\/td><\/tr><\/tbody><\/table><\/figure>\n\n\n\n<figure class=\"wp-block-table\"><table><tbody><tr><td><strong>Commune<\/strong><\/td><\/tr><tr><td>PONT DU CHATEAU<\/td><\/tr><\/tbody><\/table><\/figure>\n\n\n\n<figure class=\"wp-block-table\"><table><tbody><tr><td><strong>Lieu de naissance<\/strong><\/td><\/tr><tr><td>CLERMONT-FERRAND<\/td><\/tr><\/tbody><\/table><\/figure>\n\n\n\n<figure class=\"wp-block-table\"><table><tbody><tr><td><strong>Depuis combien de temps es tu au VCCA ?<\/strong><\/td><\/tr><tr><td>1 an<\/td><\/tr><\/tbody><\/table><\/figure>\n\n\n\n<figure class=\"wp-block-table\"><table><tbody><tr><td><strong>Pourquoi as tu choisi le VCCA ? (plusieurs choix possible)<\/strong><\/td><\/tr><tr><td>C&rsquo;est pr\u00e8s de chez moi<br \/>Il y a une bonne ambiance<br \/>Pour progresser<\/td><\/tr><\/tbody><\/table><\/figure>\n\n\n\n<figure class=\"wp-block-table\"><table><tbody><tr><td><strong>Cat\u00e9gorie 2021<\/strong><\/td><\/tr><tr><td>Cadet<\/td><\/tr><\/tbody><\/table><\/figure>\n\n\n\n<figure class=\"wp-block-table\"><table><tbody><tr><td><strong>Que fais-tu dans la vie ? travail, \u00e9cole &#8230;<\/strong><\/td><\/tr><tr><td>coll\u00e8ge en 3\u00e8me<\/td><\/tr><\/tbody><\/table><\/figure>\n\n\n\n<figure class=\"wp-block-table\"><table><tbody><tr><td><strong>Pour les \u00e9coliers et \u00e9tudiant: Qu&rsquo;est-ce que tu veux faire plus tard ?<\/strong><\/td><\/tr><tr><td>Je souhaite me diriger dans le m\u00e9tier de P\u00e2tissier<\/td><\/tr><\/tbody><\/table><\/figure>\n\n\n\n<figure class=\"wp-block-table\"><table><tbody><tr><td><strong>Ton coureur cycliste pr\u00e9f\u00e9r\u00e9 ?<\/strong><\/td><\/tr><tr><td>Chris Froome<\/td><\/tr><\/tbody><\/table><\/figure>\n\n\n\n<figure class=\"wp-block-table\"><table><tbody><tr><td><strong>Ton (ou tes) meilleur(s) souvenir(s) \u00e0 v\u00e9lo ?<\/strong><\/td><\/tr><tr><td>C&rsquo;est le stage du VCCA.<\/td><\/tr><\/tbody><\/table><\/figure>\n\n\n\n<figure class=\"wp-block-table\"><table><tbody><tr><td><strong>Ton plus mauvais souvenir en v\u00e9lo, si tu en as un &#8230;<\/strong><\/td><\/tr><tr><td>Ma chute \u00e0 la course d&rsquo;OPTIC 2000<\/td><\/tr><\/tbody><\/table><\/figure>\n\n\n\n<figure class=\"wp-block-table\"><table><tbody><tr><td><strong>Ta chanson et\/ou Ton film pr\u00e9f\u00e9r\u00e9 ?<\/strong><\/td><\/tr><tr><td>LA SAGA HARRY POTTER<\/td><\/tr><\/tbody><\/table><\/figure>\n\n\n\n<figure class=\"wp-block-table\"><table><tbody><tr><td><strong>Tes passions en dehors du v\u00e9lo ?<\/strong><\/td><\/tr><tr><td>Profiter de la vie<\/td><\/tr><\/tbody><\/table><\/figure>\n\n\n\n<figure class=\"wp-block-table\"><table><tbody><tr><td><strong>Quels sont tes souhaits pour cette ann\u00e9e ?<\/strong><\/td><\/tr><tr><td>Faire pas mal de Top 10 et au moins faire un podium durant les courses.<\/td><\/tr><\/tbody><\/table><\/figure>\n\n\n\n<p>Propos recueilli le 21 mars 2022<\/p>\n","protected":false},"excerpt":{"rendered":"<p>C&rsquo;est la deuxi\u00e8me saison d&rsquo;Axel au sein du V\u00e9lo Club Cournon d&rsquo;Auvergne. Il progresse \u00e0 grand pas et il devrait bient\u00f4t faire des top 10 et pourquoi des podiums, d\u00e9couvrez l&rsquo;interview d&rsquo;Axel Vandermersch<\/p>\n","protected":false},"author":19,"featured_media":8280,"comment_status":"closed","ping_status":"open","sticky":false,"template":"","format":"standard","meta":{"footnotes":""},"categories":[1],"tags":[],"class_list":["post-8278","post","type-post","status-publish","format-standard","has-post-thumbnail","hentry","category-_mailpress_mailing_list_vcca"],"_links":{"self":[{"href":"https:\/\/vcca.fr\/wp\/wp-json\/wp\/v2\/posts\/8278","targetHints":{"allow":["GET"]}}],"collection":[{"href":"https:\/\/vcca.fr\/wp\/wp-json\/wp\/v2\/posts"}],"about":[{"href":"https:\/\/vcca.fr\/wp\/wp-json\/wp\/v2\/types\/post"}],"author":[{"embeddable":true,"href":"https:\/\/vcca.fr\/wp\/wp-json\/wp\/v2\/users\/19"}],"replies":[{"embeddable":true,"href":"https:\/\/vcca.fr\/wp\/wp-json\/wp\/v2\/comments?post=8278"}],"version-history":[{"count":3,"href":"https:\/\/vcca.fr\/wp\/wp-json\/wp\/v2\/posts\/8278\/revisions"}],"predecessor-version":[{"id":8322,"href":"https:\/\/vcca.fr\/wp\/wp-json\/wp\/v2\/posts\/8278\/revisions\/8322"}],"wp:featuredmedia":[{"embeddable":true,"href":"https:\/\/vcca.fr\/wp\/wp-json\/wp\/v2\/media\/8280"}],"wp:attachment":[{"href":"https:\/\/vcca.fr\/wp\/wp-json\/wp\/v2\/media?parent=8278"}],"wp:term":[{"taxonomy":"category","embeddable":true,"href":"https:\/\/vcca.fr\/wp\/wp-json\/wp\/v2\/categories?post=8278"},{"taxonomy":"post_tag","embeddable":true,"href":"https:\/\/vcca.fr\/wp\/wp-json\/wp\/v2\/tags?post=8278"}],"curies":[{"name":"wp","href":"https:\/\/api.w.org\/{rel}","templated":true}]}}