{"id":8290,"date":"2022-04-29T22:32:59","date_gmt":"2022-04-29T20:32:59","guid":{"rendered":"https:\/\/vcca.fr\/wp\/?p=8290"},"modified":"2022-05-08T18:14:13","modified_gmt":"2022-05-08T16:14:13","slug":"litw-de-loic-arnal","status":"publish","type":"post","link":"https:\/\/vcca.fr\/wp\/2022\/04\/29\/litw-de-loic-arnal\/","title":{"rendered":"L&rsquo;ITW de Lo\u00efc ARNAL"},"content":{"rendered":"\n<p>Ce futur ing\u00e9nieur en \u00e9lectronique aborde sa 3\u00e8me saison au sein du V\u00e9lo Club Cournon d&rsquo;Auvergne. D\u00e9couvrez son interview<\/p>\n\n\n\n<!--more-->\n\n\n\n<figure class=\"wp-block-table\"><table><tbody><tr><td><strong>Date de naissance<\/strong><\/td><\/tr><tr><td>26\/10\/2006<\/td><\/tr><\/tbody><\/table><\/figure>\n\n\n\n<figure class=\"wp-block-table\"><table><tbody><tr><td><strong>Commune<\/strong><\/td><\/tr><tr><td>Veyre-Monton<\/td><\/tr><\/tbody><\/table><\/figure>\n\n\n\n<figure class=\"wp-block-table\"><table><tbody><tr><td><strong>Lieu de naissance<\/strong><\/td><\/tr><tr><td>Beaumont<\/td><\/tr><\/tbody><\/table><\/figure>\n\n\n\n<figure class=\"wp-block-table\"><table><tbody><tr><td><strong>Depuis combien de temps es tu au VCCA ?<\/strong><\/td><\/tr><tr><td>3 ans<\/td><\/tr><\/tbody><\/table><\/figure>\n\n\n\n<figure class=\"wp-block-table\"><table><tbody><tr><td><strong>Pourquoi as tu choisi le VCCA ? (plusieurs choix possible)<\/strong><\/td><\/tr><tr><td>C&rsquo;est pr\u00e8s de chez moi<\/td><\/tr><\/tbody><\/table><\/figure>\n\n\n\n<figure class=\"wp-block-table\"><table><tbody><tr><td><strong>Cat\u00e9gorie 2021<\/strong><\/td><\/tr><tr><td>Cadet<\/td><\/tr><\/tbody><\/table><\/figure>\n\n\n\n<figure class=\"wp-block-table\"><table><tbody><tr><td><strong>Que fais-tu dans la vie ? travail, \u00e9cole &#8230;<\/strong><\/td><\/tr><tr><td>Lyc\u00e9en<\/td><\/tr><\/tbody><\/table><\/figure>\n\n\n\n<figure class=\"wp-block-table\"><table><tbody><tr><td><strong>Pour les \u00e9coliers et \u00e9tudiant: Qu&rsquo;est-ce que tu veux faire plus tard ?<\/strong><\/td><\/tr><tr><td>Ing\u00e9nieur en \u00e9lectronique<\/td><\/tr><\/tbody><\/table><\/figure>\n\n\n\n<figure class=\"wp-block-table\"><table><tbody><tr><td><strong>Ton coureur cycliste pr\u00e9f\u00e9r\u00e9 ?<\/strong><\/td><\/tr><tr><td>Remi Cavagna<\/td><\/tr><\/tbody><\/table><\/figure>\n\n\n\n<figure class=\"wp-block-table\"><table><tbody><tr><td><strong>Ton (ou tes) meilleur(s) souvenir(s) \u00e0 v\u00e9lo ?<\/strong><\/td><\/tr><tr><td>Une sortie avec Pierrot o\u00f9 on avait eu 7 crevaisons .<\/td><\/tr><\/tbody><\/table><\/figure>\n\n\n\n<figure class=\"wp-block-table\"><table><tbody><tr><td><strong>Tes passions en dehors du v\u00e9lo ?<\/strong><\/td><\/tr><tr><td>Electronique\/impression3D\/Informatique<\/td><\/tr><\/tbody><\/table><\/figure>\n\n\n\n<figure class=\"wp-block-table\"><table><tbody><tr><td><strong>Quels sont tes souhaits pour cette ann\u00e9e ?<\/strong><\/td><\/tr><tr><td>Que cela se passe bien sur le v\u00e9lo .<\/td><\/tr><\/tbody><\/table><\/figure>\n\n\n\n<p>Propos recueillis le 22 mars 2022<\/p>\n","protected":false},"excerpt":{"rendered":"<p>Ce futur ing\u00e9nieur en \u00e9lectronique aborde sa 3\u00e8me saison au sein du V\u00e9lo Club Cournon d&rsquo;Auvergne. D\u00e9couvrez son interview<\/p>\n","protected":false},"author":19,"featured_media":8291,"comment_status":"closed","ping_status":"open","sticky":false,"template":"","format":"standard","meta":{"footnotes":""},"categories":[9,50,1],"tags":[],"class_list":["post-8290","post","type-post","status-publish","format-standard","has-post-thumbnail","hentry","category-cadets","category-interviews","category-_mailpress_mailing_list_vcca"],"_links":{"self":[{"href":"https:\/\/vcca.fr\/wp\/wp-json\/wp\/v2\/posts\/8290","targetHints":{"allow":["GET"]}}],"collection":[{"href":"https:\/\/vcca.fr\/wp\/wp-json\/wp\/v2\/posts"}],"about":[{"href":"https:\/\/vcca.fr\/wp\/wp-json\/wp\/v2\/types\/post"}],"author":[{"embeddable":true,"href":"https:\/\/vcca.fr\/wp\/wp-json\/wp\/v2\/users\/19"}],"replies":[{"embeddable":true,"href":"https:\/\/vcca.fr\/wp\/wp-json\/wp\/v2\/comments?post=8290"}],"version-history":[{"count":3,"href":"https:\/\/vcca.fr\/wp\/wp-json\/wp\/v2\/posts\/8290\/revisions"}],"predecessor-version":[{"id":8321,"href":"https:\/\/vcca.fr\/wp\/wp-json\/wp\/v2\/posts\/8290\/revisions\/8321"}],"wp:featuredmedia":[{"embeddable":true,"href":"https:\/\/vcca.fr\/wp\/wp-json\/wp\/v2\/media\/8291"}],"wp:attachment":[{"href":"https:\/\/vcca.fr\/wp\/wp-json\/wp\/v2\/media?parent=8290"}],"wp:term":[{"taxonomy":"category","embeddable":true,"href":"https:\/\/vcca.fr\/wp\/wp-json\/wp\/v2\/categories?post=8290"},{"taxonomy":"post_tag","embeddable":true,"href":"https:\/\/vcca.fr\/wp\/wp-json\/wp\/v2\/tags?post=8290"}],"curies":[{"name":"wp","href":"https:\/\/api.w.org\/{rel}","templated":true}]}}