{"id":8311,"date":"2022-05-08T17:59:24","date_gmt":"2022-05-08T15:59:24","guid":{"rendered":"https:\/\/vcca.fr\/wp\/?p=8311"},"modified":"2022-05-08T18:13:15","modified_gmt":"2022-05-08T16:13:15","slug":"litw-de-mathias-rastoix","status":"publish","type":"post","link":"https:\/\/vcca.fr\/wp\/2022\/05\/08\/litw-de-mathias-rastoix\/","title":{"rendered":"L&rsquo;ITW de Mathias RASTOIX"},"content":{"rendered":"\n<p>Il vient de se distinguer en remportant le Championnat du Puy de D\u00f4me Ufolep qui s&rsquo;est d\u00e9roul\u00e9 le 30 avril 2022 \u00e0 Clerlande. Faites la connaissance de Mathias Rastoix<\/p>\n\n\n\n<!--more-->\n\n\n\n<figure class=\"wp-block-table\"><table><tbody><tr><td><strong>Date de naissance<\/strong><\/td><\/tr><tr><td>06\/04\/2007<\/td><\/tr><\/tbody><\/table><\/figure>\n\n\n\n<figure class=\"wp-block-table\"><table><tbody><tr><td><strong>Commune<\/strong><\/td><\/tr><tr><td>Veyre monton<\/td><\/tr><\/tbody><\/table><\/figure>\n\n\n\n<figure class=\"wp-block-table\"><table><tbody><tr><td><strong>Lieu de naissance<\/strong><\/td><\/tr><tr><td>Beaumont<\/td><\/tr><\/tbody><\/table><\/figure>\n\n\n\n<figure class=\"wp-block-table\"><table><tbody><tr><td><strong>Depuis combien de temps es tu au VCCA ?<\/strong><\/td><\/tr><tr><td>1 an<\/td><\/tr><\/tbody><\/table><\/figure>\n\n\n\n<figure class=\"wp-block-table\"><table><tbody><tr><td><strong>Pourquoi as tu choisi le VCCA ? (plusieurs choix possible)<\/strong><\/td><\/tr><tr><td>C&rsquo;est pr\u00e8s de chez moi<br \/>Il y a une bonne ambiance<br \/>Pour progresser<br \/>Pour faire comme R\u00e9mi Cavagna !<\/td><\/tr><\/tbody><\/table><\/figure>\n\n\n\n<figure class=\"wp-block-table\"><table><tbody><tr><td><strong>Cat\u00e9gorie 2021<\/strong><\/td><\/tr><tr><td>Cadet<\/td><\/tr><\/tbody><\/table><\/figure>\n\n\n\n<figure class=\"wp-block-table\"><table><tbody><tr><td><strong>Que fais-tu dans la vie ? travail, \u00e9cole &#8230;<\/strong><\/td><\/tr><tr><td>Coll\u00e9gien<\/td><\/tr><\/tbody><\/table><\/figure>\n\n\n\n<figure class=\"wp-block-table\"><table><tbody><tr><td><strong>Pour les \u00e9coliers et \u00e9tudiant: Qu&rsquo;est-ce que tu veux faire plus tard ?<\/strong><\/td><\/tr><tr><td>Devenir coureur professionnel.<\/td><\/tr><\/tbody><\/table><\/figure>\n\n\n\n<figure class=\"wp-block-table\"><table><tbody><tr><td><strong>Ton coureur cycliste pr\u00e9f\u00e9r\u00e9 ?<\/strong><\/td><\/tr><tr><td>Julian Alaphilippe<\/td><\/tr><\/tbody><\/table><\/figure>\n\n\n\n<figure class=\"wp-block-table\"><table><tbody><tr><td><strong>Ton (ou tes) meilleur(s) souvenir(s) \u00e0 v\u00e9lo ?<\/strong><\/td><\/tr><tr><td>Je sais pas, tous mes souvenirs sont bons \u00e0 v\u00e9lo !<\/td><\/tr><\/tbody><\/table><\/figure>\n\n\n\n<figure class=\"wp-block-table\"><table><tbody><tr><td><strong>Ton plus mauvais souvenir en v\u00e9lo, si tu en as un &#8230;<\/strong><\/td><\/tr><tr><td>Aucun mauvais souvenir !<\/td><\/tr><\/tbody><\/table><\/figure>\n\n\n\n<figure class=\"wp-block-table\"><table><tbody><tr><td><strong>Tes passions en dehors du v\u00e9lo ?<\/strong><\/td><\/tr><tr><td>J&rsquo;aime bien l&rsquo;informatique<\/td><\/tr><\/tbody><\/table><\/figure>\n\n\n\n<figure class=\"wp-block-table\"><table><tbody><tr><td><strong>Quels sont tes souhaits pour cette ann\u00e9e ?<\/strong><\/td><\/tr><tr><td>Donner le meilleur de moi-m\u00eame.<\/td><\/tr><\/tbody><\/table><\/figure>\n\n\n\n<p>Propos recueillis le 23 mars 2022<\/p>\n","protected":false},"excerpt":{"rendered":"<p>Il vient de se distinguer en remportant le Championnat du Puy de D\u00f4me Ufolep qui s&rsquo;est d\u00e9roul\u00e9 le 30 avril 2022 \u00e0 Clerlande. Faites la connaissance de Mathias Rastoix<\/p>\n","protected":false},"author":19,"featured_media":8313,"comment_status":"closed","ping_status":"open","sticky":false,"template":"","format":"standard","meta":{"footnotes":""},"categories":[9,16,1],"tags":[],"class_list":["post-8311","post","type-post","status-publish","format-standard","has-post-thumbnail","hentry","category-cadets","category-entrainement","category-_mailpress_mailing_list_vcca"],"_links":{"self":[{"href":"https:\/\/vcca.fr\/wp\/wp-json\/wp\/v2\/posts\/8311","targetHints":{"allow":["GET"]}}],"collection":[{"href":"https:\/\/vcca.fr\/wp\/wp-json\/wp\/v2\/posts"}],"about":[{"href":"https:\/\/vcca.fr\/wp\/wp-json\/wp\/v2\/types\/post"}],"author":[{"embeddable":true,"href":"https:\/\/vcca.fr\/wp\/wp-json\/wp\/v2\/users\/19"}],"replies":[{"embeddable":true,"href":"https:\/\/vcca.fr\/wp\/wp-json\/wp\/v2\/comments?post=8311"}],"version-history":[{"count":5,"href":"https:\/\/vcca.fr\/wp\/wp-json\/wp\/v2\/posts\/8311\/revisions"}],"predecessor-version":[{"id":8320,"href":"https:\/\/vcca.fr\/wp\/wp-json\/wp\/v2\/posts\/8311\/revisions\/8320"}],"wp:featuredmedia":[{"embeddable":true,"href":"https:\/\/vcca.fr\/wp\/wp-json\/wp\/v2\/media\/8313"}],"wp:attachment":[{"href":"https:\/\/vcca.fr\/wp\/wp-json\/wp\/v2\/media?parent=8311"}],"wp:term":[{"taxonomy":"category","embeddable":true,"href":"https:\/\/vcca.fr\/wp\/wp-json\/wp\/v2\/categories?post=8311"},{"taxonomy":"post_tag","embeddable":true,"href":"https:\/\/vcca.fr\/wp\/wp-json\/wp\/v2\/tags?post=8311"}],"curies":[{"name":"wp","href":"https:\/\/api.w.org\/{rel}","templated":true}]}}