{"id":8357,"date":"2022-05-29T22:43:30","date_gmt":"2022-05-29T20:43:30","guid":{"rendered":"https:\/\/vcca.fr\/wp\/?p=8357"},"modified":"2022-05-30T22:29:18","modified_gmt":"2022-05-30T20:29:18","slug":"les-anciens-de-pro-immo-dominent-la-durtorccha","status":"publish","type":"post","link":"https:\/\/vcca.fr\/wp\/2022\/05\/29\/les-anciens-de-pro-immo-dominent-la-durtorccha\/","title":{"rendered":"Les anciens de Pro Immo dominent la Durtorccha"},"content":{"rendered":"\n<p>Membre actif de l&rsquo;ACEDAC (Association pour le Cyclisme Elite Dans l&rsquo;Agglom\u00e9ration Clermontoise), le VCCA a eu l&rsquo;honneur de participer le samedi 28 mai \u00e0 l&rsquo;organisation de la La 30\u00e8me \u00e9dition de la DURTORCCHA qui a connu un grand succ\u00e8s  avec plus de 150 coureurs. <\/p>\n\n\n\n<!--more-->\n\n\n\n<p> L&rsquo;\u00e9preuve phare a vu la domination des anciens du Team Pro Immo Micka\u00ebl Guichard et Stefan Bennet , d\u00e9sormais licenci\u00e9s au WB-Fybolia dans le Morbihan.  Micka\u00ebl Guichard parti  en \u00e9chapp\u00e9e solitaire \u00e0 40 km de l&rsquo;arriv\u00e9e, s&rsquo;est fait rejoindre dans le dernier tour par Stefan Benett pour une superbe arriv\u00e9e en duo.<\/p>\n\n\n\n<p>Dans la course des 3\u00e8me cat\u00e9gorie, le VCCA \u00e9tait repr\u00e9sent\u00e9 par Timo Schuit, Matthieu Duboisset et le junior Eliott Valleix. Timo a \u00e9t\u00e9 tr\u00e8s malcanceux car il a perdu beaucoup de temps sur un incident m\u00e9canique alors qu&rsquo;il \u00e9tait dans le groupe de t\u00eate, il termine tout de m\u00eame \u00e0 un belle 19\u00e8me place. Matthieu a du se battre pour terminer \u00e0 la 27\u00e8me place et Eliott, handicap\u00e9 par des douleurs lombaires, a termin\u00e9 40\u00e8me. <\/p>\n\n\n\n<p>En Pass Cyclisme Matthieu Franco\u00efa a fait 19\u00e8me, \u00e0 noter la belle performance du triathl\u00e8te Matt\u00e9o Bringer qui termine \u00e0 la 5\u00e8me place. Son fr\u00e8re Antonin, qui court en minime sous les couleurs du VCCA peut \u00eatre fier de lui.<\/p>\n\n\n\n<p>A noter qu&rsquo;\u00e0 la fin de la c\u00e9r\u00e9monie protocolaire, les organisateurs ont tenu \u00e0 rendre hommage aux cr\u00e9ateurs de la DURTORCCHA, en particulier Lucien VRAY qui \u00e9tait \u00e0 l&rsquo;\u00e9poque Maire de Durtol, ils ont \u00e9galement eu une pens\u00e9e pour Jean-Claude ROCHETTE, le pr\u00e9sident du Cycle Olympique Chamali\u00e9rois trop t\u00f4t disparu.<\/p>\n\n\n\n<p>Tous les classements: <a href=\"https:\/\/vcca.fr\/wp\/wp-content\/uploads\/2022\/05\/classements-durtorccha-2022.pdf\">cliquez ICI<\/a><\/p>\n","protected":false},"excerpt":{"rendered":"<p>Membre actif de l&rsquo;ACEDAC (Association pour le Cyclisme Elite Dans l&rsquo;Agglom\u00e9ration Clermontoise), le VCCA a eu l&rsquo;honneur de participer le samedi 28 mai \u00e0 l&rsquo;organisation de la La 30\u00e8me \u00e9dition de la DURTORCCHA qui a connu un grand succ\u00e8s avec plus de 150 coureurs.<\/p>\n","protected":false},"author":19,"featured_media":8359,"comment_status":"closed","ping_status":"open","sticky":false,"template":"","format":"standard","meta":{"footnotes":""},"categories":[1],"tags":[],"class_list":["post-8357","post","type-post","status-publish","format-standard","has-post-thumbnail","hentry","category-_mailpress_mailing_list_vcca"],"_links":{"self":[{"href":"https:\/\/vcca.fr\/wp\/wp-json\/wp\/v2\/posts\/8357","targetHints":{"allow":["GET"]}}],"collection":[{"href":"https:\/\/vcca.fr\/wp\/wp-json\/wp\/v2\/posts"}],"about":[{"href":"https:\/\/vcca.fr\/wp\/wp-json\/wp\/v2\/types\/post"}],"author":[{"embeddable":true,"href":"https:\/\/vcca.fr\/wp\/wp-json\/wp\/v2\/users\/19"}],"replies":[{"embeddable":true,"href":"https:\/\/vcca.fr\/wp\/wp-json\/wp\/v2\/comments?post=8357"}],"version-history":[{"count":3,"href":"https:\/\/vcca.fr\/wp\/wp-json\/wp\/v2\/posts\/8357\/revisions"}],"predecessor-version":[{"id":8377,"href":"https:\/\/vcca.fr\/wp\/wp-json\/wp\/v2\/posts\/8357\/revisions\/8377"}],"wp:featuredmedia":[{"embeddable":true,"href":"https:\/\/vcca.fr\/wp\/wp-json\/wp\/v2\/media\/8359"}],"wp:attachment":[{"href":"https:\/\/vcca.fr\/wp\/wp-json\/wp\/v2\/media?parent=8357"}],"wp:term":[{"taxonomy":"category","embeddable":true,"href":"https:\/\/vcca.fr\/wp\/wp-json\/wp\/v2\/categories?post=8357"},{"taxonomy":"post_tag","embeddable":true,"href":"https:\/\/vcca.fr\/wp\/wp-json\/wp\/v2\/tags?post=8357"}],"curies":[{"name":"wp","href":"https:\/\/api.w.org\/{rel}","templated":true}]}}