{"id":8364,"date":"2022-05-30T21:37:14","date_gmt":"2022-05-30T19:37:14","guid":{"rendered":"https:\/\/vcca.fr\/wp\/?p=8364"},"modified":"2022-05-31T21:16:54","modified_gmt":"2022-05-31T19:16:54","slug":"litw-de-julien-tommasi","status":"publish","type":"post","link":"https:\/\/vcca.fr\/wp\/2022\/05\/30\/litw-de-julien-tommasi\/","title":{"rendered":"L&rsquo;ITW de Julien TOMMASI"},"content":{"rendered":"\n<p>Julien est un des derniers arriv\u00e9s au VCCA, Faites sa connaissance avec l&rsquo;interview qu&rsquo;il nous a accord\u00e9.<\/p>\n\n\n\n<!--more-->\n\n\n\n<figure class=\"wp-block-table\"><table><tbody><tr><td><strong>Date de naissance<\/strong><\/td><\/tr><tr><td>31\/12\/91<\/td><\/tr><tr><td><strong>Lieu de naissance<\/strong><\/td><\/tr><tr><td>Decazeville<\/td><\/tr><tr><td><strong>Commune<\/strong><\/td><\/tr><tr><td>COURNON D AUVERGNE<\/td><\/tr><\/tbody><\/table><\/figure>\n\n\n\n\n\n<figure class=\"wp-block-table\"><table><tbody><tr><td><strong>Depuis combien de temps es tu au VCCA ?<\/strong><\/td><\/tr><tr><td>5 mois ( Janvier 2022 )<\/td><\/tr><\/tbody><\/table><\/figure>\n\n\n\n<figure class=\"wp-block-table\"><table><tbody><tr><td><strong>Pourquoi as tu choisi le VCCA ? (plusieurs choix possible)<\/strong><\/td><\/tr><tr><td>C&rsquo;est pr\u00e8s de chez moi<br \/>Il y a une bonne ambiance<br \/>Pour progresser<\/td><\/tr><\/tbody><\/table><\/figure>\n\n\n\n<figure class=\"wp-block-table\"><table><tbody><tr><td><strong>Cat\u00e9gorie<\/strong><\/td><\/tr><tr><td>Pass Cyclisme<\/td><\/tr><\/tbody><\/table><\/figure>\n\n\n\n<figure class=\"wp-block-table\"><table><tbody><tr><td><strong>Que fais-tu dans la vie ? <\/strong><\/td><\/tr><tr><td>Comptable<\/td><\/tr><\/tbody><\/table><\/figure>\n\n\n\n<figure class=\"wp-block-table is-style-regular\"><table><tbody><tr><td><strong>Ton coureur cycliste pr\u00e9f\u00e9r\u00e9 ?<\/strong><\/td><\/tr><tr><td>R\u00e9mi Cavagna ( enfin un fran\u00e7ais sp\u00e9cialiste du chrono&#x1f60a;&nbsp;)<\/td><\/tr><\/tbody><\/table><\/figure>\n\n\n\n<figure class=\"wp-block-table\"><table><tbody><tr><td><strong>Ton (ou tes) meilleur(s) souvenir(s) \u00e0 v\u00e9lo ?<\/strong><\/td><\/tr><tr><td>La mont\u00e9e du Col d&rsquo;Aspin ( j&rsquo;avais 14 ans ) y&rsquo;a quelques temps&#x1f60a;&nbsp;<\/td><\/tr><\/tbody><\/table><\/figure>\n\n\n\n<figure class=\"wp-block-table\"><table><tbody><tr><td><strong>Ton plus mauvais souvenir en v\u00e9lo, si tu en as un &#8230;<\/strong><\/td><\/tr><tr><td>Toute les fois o\u00f9 il y&rsquo;a du vent de face &#8230;.<\/td><\/tr><\/tbody><\/table><\/figure>\n\n\n\n<figure class=\"wp-block-table\"><table><tbody><tr><td><strong>Ta chanson et\/ou Ton film pr\u00e9f\u00e9r\u00e9 ?<\/strong><\/td><\/tr><tr><td>Inglorious Basterd<\/td><\/tr><\/tbody><\/table><\/figure>\n\n\n\n<figure class=\"wp-block-table\"><table><tbody><tr><td><strong>Tes passions en dehors du v\u00e9lo ?<\/strong><\/td><\/tr><tr><td>Cin\u00e9ma et manger des Pizzas &#x1f44d;<\/td><\/tr><\/tbody><\/table><\/figure>\n\n\n\n<figure class=\"wp-block-table\">\r\n<table>\r\n<tbody>\r\n<tr>\r\n<td><strong>Quels sont tes souhaits pour cette ann\u00e9e ?<\/strong><\/td>\r\n<\/tr>\r\n<tr>\r\n<td>Acqu\u00e9rir une bonne base d&rsquo;endurance et gagner en force pour se tester un peu plus sur les courses l&rsquo;ann\u00e9e 2023 .<\/td>\r\n<\/tr>\r\n<\/tbody>\r\n<\/table>\r\n<p><em>Propos recueillis le 27 mai 2022<\/em><\/p>\r\n<\/figure>\n","protected":false},"excerpt":{"rendered":"<p>Julien est un des derniers arriv\u00e9s au VCCA, Faites sa connaissance avec l&rsquo;interview qu&rsquo;il nous a accord\u00e9.<\/p>\n","protected":false},"author":19,"featured_media":8365,"comment_status":"closed","ping_status":"open","sticky":false,"template":"","format":"standard","meta":{"footnotes":""},"categories":[50,11],"tags":[],"class_list":["post-8364","post","type-post","status-publish","format-standard","has-post-thumbnail","hentry","category-interviews","category-juniors"],"_links":{"self":[{"href":"https:\/\/vcca.fr\/wp\/wp-json\/wp\/v2\/posts\/8364","targetHints":{"allow":["GET"]}}],"collection":[{"href":"https:\/\/vcca.fr\/wp\/wp-json\/wp\/v2\/posts"}],"about":[{"href":"https:\/\/vcca.fr\/wp\/wp-json\/wp\/v2\/types\/post"}],"author":[{"embeddable":true,"href":"https:\/\/vcca.fr\/wp\/wp-json\/wp\/v2\/users\/19"}],"replies":[{"embeddable":true,"href":"https:\/\/vcca.fr\/wp\/wp-json\/wp\/v2\/comments?post=8364"}],"version-history":[{"count":7,"href":"https:\/\/vcca.fr\/wp\/wp-json\/wp\/v2\/posts\/8364\/revisions"}],"predecessor-version":[{"id":8381,"href":"https:\/\/vcca.fr\/wp\/wp-json\/wp\/v2\/posts\/8364\/revisions\/8381"}],"wp:featuredmedia":[{"embeddable":true,"href":"https:\/\/vcca.fr\/wp\/wp-json\/wp\/v2\/media\/8365"}],"wp:attachment":[{"href":"https:\/\/vcca.fr\/wp\/wp-json\/wp\/v2\/media?parent=8364"}],"wp:term":[{"taxonomy":"category","embeddable":true,"href":"https:\/\/vcca.fr\/wp\/wp-json\/wp\/v2\/categories?post=8364"},{"taxonomy":"post_tag","embeddable":true,"href":"https:\/\/vcca.fr\/wp\/wp-json\/wp\/v2\/tags?post=8364"}],"curies":[{"name":"wp","href":"https:\/\/api.w.org\/{rel}","templated":true}]}}