{"id":9778,"date":"2023-11-20T18:42:59","date_gmt":"2023-11-20T17:42:59","guid":{"rendered":"https:\/\/vcca.fr\/wp\/?p=9778"},"modified":"2023-12-04T13:45:51","modified_gmt":"2023-12-04T12:45:51","slug":"litw-de-leo-orfanotti","status":"publish","type":"post","link":"https:\/\/vcca.fr\/wp\/2023\/11\/20\/litw-de-leo-orfanotti\/","title":{"rendered":"L&rsquo;ITW de L\u00e9o Orfanotti"},"content":{"rendered":"\n<p>D\u00e9couvrons maintenant l&rsquo;interview de L\u00e9o Orfanotti. L\u00e9o a fait une pause l&rsquo;an dernier avec le v\u00e9lo et il h\u00e2te cette ann\u00e9e de reprendre du plaisir sur le v\u00e9lo.<\/p>\n\n\n<div class=\"wp-block-image\">\n<figure class=\"aligncenter size-full is-resized\"><a href=\"https:\/\/vcca.fr\/wp\/wp-content\/uploads\/2023\/01\/logo-optique-2000-cournon.gif\"><img loading=\"lazy\" decoding=\"async\" width=\"400\" height=\"260\" src=\"https:\/\/vcca.fr\/wp\/wp-content\/uploads\/2023\/01\/logo-optique-2000-cournon.gif\" alt=\"\" class=\"wp-image-8945\" style=\"width:203px;height:auto\" \/><\/a><\/figure>\n<\/div>\n\n\n<!--more-->\n\n\n\n<p><strong>Nom:<\/strong> Orfanotti<\/p>\n\n\n\n<p><strong>Pr\u00e9nom:<\/strong> L\u00e9o<\/p>\n\n\n\n<p><strong>Age:<\/strong> 21<\/p>\n\n\n\n<p><strong>Taille et poids:<\/strong> 1m89 pour 115kg<\/p>\n\n\n\n<p><strong>Ville de r\u00e9sidence:<\/strong> Les martres de veyre<\/p>\n\n\n\n<p><strong>Date et lieu de naissance:<\/strong> 09\/07\/2002 \u00e0 Lille<\/p>\n\n\n\n<p><strong>D\u00e9butes tu le v\u00e9lo? Si tu ne d\u00e9butes pas le v\u00e9lo peux tu pr\u00e9ciser depuis combien de temps?<\/strong> Depuis petit mais j&rsquo;ai commenc\u00e9 le v\u00e9lo en club en 2020 et j&rsquo;ai fait une pause l&rsquo;ann\u00e9e derni\u00e8re<\/p>\n\n\n\n<p><strong>Pourquoi as-tu choisi le VCCA? <\/strong>C&rsquo;est pr\u00e8s de chez moi<\/p>\n\n\n\n<p><strong>Cat\u00e9gorie:<\/strong> Senior<\/p>\n\n\n\n<p><strong>Ton ou tes points fort dans le v\u00e9lo?<\/strong> sprinteur<\/p>\n\n\n\n<p><strong>Que fais tu dans la vie? <\/strong>\u00c9tudiant en Staps<\/p>\n\n\n\n<p><strong>Que veux tu faire plus tard comme m\u00e9tier?(Si tu as une id\u00e9e&#8230;)<\/strong> Professeur des \u00e9coles<\/p>\n\n\n\n<p><strong>Ton ou ta Coureur(se) cycliste pr\u00e9f\u00e9r\u00e9(e)?&nbsp; <\/strong>Thomas Voeckler<\/p>\n\n\n\n<p><strong>As-tu des passions en dehors du v\u00e9lo?<\/strong> La musique, l&rsquo;\u00e9quitation, jeux vid\u00e9os, cin\u00e9ma<\/p>\n\n\n\n<p><strong>As-tu une chanson\/film ou s\u00e9rie\/livre pr\u00e9f\u00e9r\u00e9s?<\/strong> Celestial d&rsquo;Ed sheeran, Volt et les Harry Potter<\/p>\n\n\n\n<p><strong>Quels sont tes souhaits pour cette ann\u00e9e<\/strong>? Reprendre le v\u00e9lo r\u00e9guli\u00e8rement<\/p>\n\n\n\n<p><strong>Et pour finir qu&rsquo;est-ce qui t&rsquo;a donn\u00e9 envie de faire du v\u00e9lo?<\/strong> Mon oncle, passionn\u00e9 lui aussi de v\u00e9lo<\/p>\n","protected":false},"excerpt":{"rendered":"<p>D\u00e9couvrons maintenant l&rsquo;interview de L\u00e9o Orfanotti. L\u00e9o a fait une pause l&rsquo;an dernier avec le v\u00e9lo et il h\u00e2te cette ann\u00e9e de reprendre du plaisir sur le v\u00e9lo.<\/p>\n","protected":false},"author":1,"featured_media":9833,"comment_status":"open","ping_status":"closed","sticky":false,"template":"","format":"standard","meta":{"footnotes":""},"categories":[1],"tags":[],"class_list":["post-9778","post","type-post","status-publish","format-standard","has-post-thumbnail","hentry","category-_mailpress_mailing_list_vcca"],"_links":{"self":[{"href":"https:\/\/vcca.fr\/wp\/wp-json\/wp\/v2\/posts\/9778","targetHints":{"allow":["GET"]}}],"collection":[{"href":"https:\/\/vcca.fr\/wp\/wp-json\/wp\/v2\/posts"}],"about":[{"href":"https:\/\/vcca.fr\/wp\/wp-json\/wp\/v2\/types\/post"}],"author":[{"embeddable":true,"href":"https:\/\/vcca.fr\/wp\/wp-json\/wp\/v2\/users\/1"}],"replies":[{"embeddable":true,"href":"https:\/\/vcca.fr\/wp\/wp-json\/wp\/v2\/comments?post=9778"}],"version-history":[{"count":4,"href":"https:\/\/vcca.fr\/wp\/wp-json\/wp\/v2\/posts\/9778\/revisions"}],"predecessor-version":[{"id":9862,"href":"https:\/\/vcca.fr\/wp\/wp-json\/wp\/v2\/posts\/9778\/revisions\/9862"}],"wp:featuredmedia":[{"embeddable":true,"href":"https:\/\/vcca.fr\/wp\/wp-json\/wp\/v2\/media\/9833"}],"wp:attachment":[{"href":"https:\/\/vcca.fr\/wp\/wp-json\/wp\/v2\/media?parent=9778"}],"wp:term":[{"taxonomy":"category","embeddable":true,"href":"https:\/\/vcca.fr\/wp\/wp-json\/wp\/v2\/categories?post=9778"},{"taxonomy":"post_tag","embeddable":true,"href":"https:\/\/vcca.fr\/wp\/wp-json\/wp\/v2\/tags?post=9778"}],"curies":[{"name":"wp","href":"https:\/\/api.w.org\/{rel}","templated":true}]}}